{"id":17935,"date":"2025-04-11T18:13:09","date_gmt":"2025-04-11T18:13:09","guid":{"rendered":"https:\/\/www.europesays.com\/fr\/17935\/"},"modified":"2025-04-11T18:13:09","modified_gmt":"2025-04-11T18:13:09","slug":"sa-terrasse-estivale-engendre-trop-de-nuisances-sonores-pour-les-riverains-anne-hidalgo-sevit","status":"publish","type":"post","link":"https:\/\/www.europesays.com\/fr\/17935\/","title":{"rendered":"sa terrasse estivale engendre trop de nuisances sonores pour les riverains, Anne Hidalgo s\u00e9vit"},"content":{"rendered":"<p>            Par<br \/>\n        <strong><br \/>\n            <a href=\"https:\/\/actu.fr\/auteur\/redaction-paris\" title=\"Consulter tous les articles de R\u00e9daction Paris\" target=\"_blank\" rel=\"noopener\">R\u00e9daction Paris<\/a><br \/>\n        <\/strong><\/p>\n<p>        Publi\u00e9 le<\/p>\n<p>            11 avr. 2025 \u00e0 17h40        <\/p>\n<p>Les faits, qui remontent \u00e0 il y a deux ans, viennent de trouver une issue judiciaire r\u00e9sonnant particuli\u00e8rement ces jours-ci. Le printemps s\u2019est d\u00e9clar\u00e9 dans le calendrier et <a href=\"https:\/\/actu.fr\/ile-de-france\/paris_75056\/meteo-a-paris-et-en-ile-de-france-un-revirement-complet-a-prevoir-dans-le-ciel-a-partir-de-ce-week-end_62490649.html\" target=\"_blank\" rel=\"noopener\">le ciel<\/a> de<a href=\"https:\/\/actu.fr\/paris\/dernieres-actus\" target=\"_blank\" rel=\"noopener\"> Paris<\/a>, permettant aux <strong>restaurateurs et bistrotiers<\/strong> de<a href=\"https:\/\/actu.fr\/ile-de-france\/paris_75056\/reouverture-des-terrasses-estivales-a-paris-on-arrive-a-maturite-du-dispositif-juge-la-ville_62451751.html\" target=\"_blank\" rel=\"noopener\"> ressortir leurs terrasses estivales<\/a>, non sans occasionner diverses <strong>nuisances<\/strong> pour les riverains, comme <a href=\"https:\/\/actu.fr\/ile-de-france\/paris_75056\/cette-rue-est-un-continuum-de-terrasses-a-paris-le-retour-des-terrasses-estivales-excede-les-riverains_62488282.html\" target=\"_blank\" rel=\"noopener\">constat\u00e9 par actu<\/a> cette semaine. Des nuisances contre lesquelles la <a href=\"https:\/\/actu.fr\/tag\/mairie-de-paris\" target=\"_blank\" rel=\"noopener\">Ville de Paris<\/a> peut agir sans outrepasser la loi, vient de confirmer la justice.<br \/>Le <a href=\"https:\/\/actu.fr\/tag\/tribunal-administratif-de-paris\" target=\"_blank\" rel=\"noopener\">tribunal administratif<\/a> a effectivement donn\u00e9 raison \u00e0 la <a href=\"https:\/\/actu.fr\/tag\/anne-hidalgo\" target=\"_blank\" rel=\"noopener\">maire, Anne Hidalgo (PS)<\/a>, qui avait refus\u00e9 \u00e0 un bar du 11e arrondissement d\u2019installer une contre-terrasse estivale.\u00a0<\/p>\n<p>Un bar d\u00e9j\u00e0 sanctionn\u00e9<\/p>\n<p class=\" wall-content\"><strong>L\u2019Insomniac<\/strong> \u2013 situ\u00e9 au carrefour de la rue L\u00e9on-Frot et du passage Alexandrine, pr\u00e8s du m\u00e9tro Charonne \u2013 avait sollicit\u00e9 l\u2019autorisation de la Ville de Paris pour installer une terrasse estivale de \u00ab\u20097,4 m de longueur et 1,7 m de largeur\u2009\u00bb au niveau des places de stationnement devant l\u2019\u00e9tablissement. \u00c0 la suite du refus d\u2019Anne Hidalgo, le patron de l\u2019\u00e9tablissement avait saisi le tribunal administratif de Paris le 25 juin 2023 pour faire censurer cette d\u00e9cision \u00ab\u2009entach\u00e9e d\u2019erreur d\u2019appr\u00e9ciation et d\u2019erreur de fait\u2009\u00bb.<\/p>\n<p class=\" wall-content\">En fait, \u00ab\u2009l\u2019autorisation peut \u00eatre refus\u00e9e notamment pour des motifs li\u00e9s aux conditions locales de circulation, \u00e0 la configuration des lieux, aux conditions de s\u00e9curit\u00e9, aux sanctions ant\u00e9rieures prononc\u00e9es par le demandeur\u2009\u00bb, d\u00e9taille le <a href=\"https:\/\/www.paris.fr\/pages\/terrasses-et-etalages-3516\" target=\"_blank\" rel=\"noopener\">r\u00e8glement municipal<\/a> de la Ville de Paris sur les terrasses des caf\u00e9s. \u00ab\u2009La pr\u00e9vention des nuisances \u00e0 la tranquillit\u00e9 des riverains g\u00e9n\u00e9r\u00e9es par l\u2019installation d\u2019une terrasse sur la voie publique est au nombre des<strong> motifs d\u2019int\u00e9r\u00eat g\u00e9n\u00e9ral<\/strong> qui peuvent fonder un refus\u2009\u00bb, compl\u00e8te le tribunal administratif.<\/p>\n<p class=\" wall-content\">En l\u2019occurrence, la Mairie de Paris a consid\u00e9r\u00e9 que L\u2019Insomniac avait \u00ab\u2009d\u00e9j\u00e0 fait l\u2019objet de plusieurs<strong> fermetures administratives<\/strong> et de sanctions ayant conduit au retrait des autorisations accord\u00e9es\u2009\u00bb, r\u00e9sume le tribunal administratif de Paris dans <a href=\"https:\/\/www.doctrine.fr\/d\/TA\/Paris\/2025\/TAEA47897C7A43D2EE84EF\" target=\"_blank\" rel=\"noopener\">un jugement<\/a> en date du 20 f\u00e9vrier 2025, qui vient d\u2019\u00eatre rendu public.<\/p>\n<p class=\" wall-content\">Plusieurs \u00ab\u2009constats d\u2019infractions\u2009\u00bb ont effectivement \u00e9t\u00e9 dress\u00e9s pour des \u00ab\u2009nuisances sonores\u2009\u00bb li\u00e9es \u00e0 la terrasse estivale, mais aussi pour \u00ab\u2009terrasse estivale non d\u00e9mont\u00e9e\u2009\u00bb entre septembre 2021 et ao\u00fbt 2023. Le bar avait aussi exploit\u00e9 une \u00ab\u2009terrasse non autoris\u00e9e\u2009\u00bb dans le passage Alexandrine \u00e0 16 reprises, entre septembre 2022 et ao\u00fbt 2023.<\/p>\n<p class=\" wall-content\">\u00ab\u2009Dans ces conditions, la soci\u00e9t\u00e9 requ\u00e9rante n\u2019est pas fond\u00e9e \u00e0 soutenir que l\u2019arr\u00eat\u00e9 attaqu\u00e9 serait entach\u00e9 d\u2019une erreur de fait et d\u2019erreur manifeste d\u2019appr\u00e9ciation\u2009\u00bb, en d\u00e9duit le tribunal administratif de Paris. L\u2019Insomniac a jusqu\u2019au 20\u00a0avril 2025 pour contester ce jugement devant la cour administrative d\u2019appel de Paris.<\/p>\n<p class=\" wall-content\"><strong>\/CB (PressPepper)<\/strong><\/p>\n<p class=\" wall-content\">Suivez toute l\u2019actualit\u00e9 de vos villes et m\u00e9dias favoris en vous inscrivant \u00e0 <a href=\"https:\/\/moncompte.actu.fr\" title=\"D\u00e9couvez Mon Actu\" rel=\"nofollow noopener\" data-trk=\"{&quot;cta&quot;:{&quot;action&quot;:&quot;https:\\\/\\\/moncompte.actu.fr&quot;,&quot;category&quot;:&quot;mon compte&quot;,&quot;from&quot;:&quot;article footer&quot;,&quot;name&quot;:&quot;Mon actu&quot;,&quot;type&quot;:&quot;cta&quot;}}\" target=\"_blank\">Mon Actu<\/a>.<\/p>\n","protected":false},"excerpt":{"rendered":"Par R\u00e9daction Paris Publi\u00e9 le 11 avr. 2025 \u00e0 17h40 Les faits, qui remontent \u00e0 il y a&hellip;\n","protected":false},"author":2,"featured_media":17936,"comment_status":"","ping_status":"","sticky":false,"template":"","format":"standard","meta":{"footnotes":""},"categories":[1888],"tags":[1111,1928,11,1927,2618,1777,674,118,1011,27,303,12,1926,626,1925,25,1340],"class_list":{"0":"post-17935","1":"post","2":"type-post","3":"status-publish","4":"format-standard","5":"has-post-thumbnail","7":"category-paris","8":"tag-actu","9":"tag-actu-paris","10":"tag-actualites","11":"tag-actualites-paris","12":"tag-anne-hidalgo","13":"tag-eu","14":"tag-europe","15":"tag-faits-divers","16":"tag-fr","17":"tag-france","18":"tag-justice","19":"tag-news","20":"tag-news-paris","21":"tag-paris","22":"tag-paris-news","23":"tag-republique-francaise","24":"tag-restaurant"},"share_on_mastodon":{"url":"https:\/\/pubeurope.com\/@fr\/114320690583068561","error":""},"_links":{"self":[{"href":"https:\/\/www.europesays.com\/fr\/wp-json\/wp\/v2\/posts\/17935","targetHints":{"allow":["GET"]}}],"collection":[{"href":"https:\/\/www.europesays.com\/fr\/wp-json\/wp\/v2\/posts"}],"about":[{"href":"https:\/\/www.europesays.com\/fr\/wp-json\/wp\/v2\/types\/post"}],"author":[{"embeddable":true,"href":"https:\/\/www.europesays.com\/fr\/wp-json\/wp\/v2\/users\/2"}],"replies":[{"embeddable":true,"href":"https:\/\/www.europesays.com\/fr\/wp-json\/wp\/v2\/comments?post=17935"}],"version-history":[{"count":0,"href":"https:\/\/www.europesays.com\/fr\/wp-json\/wp\/v2\/posts\/17935\/revisions"}],"wp:featuredmedia":[{"embeddable":true,"href":"https:\/\/www.europesays.com\/fr\/wp-json\/wp\/v2\/media\/17936"}],"wp:attachment":[{"href":"https:\/\/www.europesays.com\/fr\/wp-json\/wp\/v2\/media?parent=17935"}],"wp:term":[{"taxonomy":"category","embeddable":true,"href":"https:\/\/www.europesays.com\/fr\/wp-json\/wp\/v2\/categories?post=17935"},{"taxonomy":"post_tag","embeddable":true,"href":"https:\/\/www.europesays.com\/fr\/wp-json\/wp\/v2\/tags?post=17935"}],"curies":[{"name":"wp","href":"https:\/\/api.w.org\/{rel}","templated":true}]}}