{"id":179350,"date":"2025-06-15T22:08:10","date_gmt":"2025-06-15T22:08:10","guid":{"rendered":"https:\/\/www.europesays.com\/fr\/179350\/"},"modified":"2025-06-15T22:08:10","modified_gmt":"2025-06-15T22:08:10","slug":"photos-dans-les-coulisses-de-terra-loreina-en-pleine-repetition-au-chateau-de-fleville-devant-nancy","status":"publish","type":"post","link":"https:\/\/www.europesays.com\/fr\/179350\/","title":{"rendered":"Photos. Dans les coulisses de Terra Loreina, en pleine r\u00e9p\u00e9tition au ch\u00e2teau de Fl\u00e9ville-devant-Nancy"},"content":{"rendered":"<p>Au c\u0153ur du majestueux ch\u00e2teau de Fl\u00e9ville, un voyage extraordinaire prend vie. Du 25 juin au 20 juillet, le spectacle immersif Terra Loreina transformera l\u2019histoire en une fresque \u00e9clatante. Apr\u00e8s le succ\u00e8s de L\u2019Odyss\u00e9e Nikolaos (au c\u0153ur de l&rsquo;\u00e9glise de Saint-Nicolas-de-Port), Damien Fontaine et Camille Comparon s\u2019appr\u00eatent \u00e0 \u00e9merveiller le public avec une nouvelle mise en sc\u00e8ne spectaculaire. Ce samedi ensoleill\u00e9 marque les premi\u00e8res r\u00e9p\u00e9titions des figurants, qui donneront vie \u00e0 cette aventure hors du temps.<\/p>\n","protected":false},"excerpt":{"rendered":"Au c\u0153ur du majestueux ch\u00e2teau de Fl\u00e9ville, un voyage extraordinaire prend vie. Du 25 juin au 20 juillet,&hellip;\n","protected":false},"author":2,"featured_media":179351,"comment_status":"","ping_status":"","sticky":false,"template":"","format":"standard","meta":{"footnotes":""},"categories":[9635],"tags":[1111,11,1707,1704,1706,1705,1777,674,107,9650,1011,27,2798,775,937,3457,1702,12,3456,25,273,104,3140],"class_list":{"0":"post-179350","1":"post","2":"type-post","3":"status-publish","4":"format-standard","5":"has-post-thumbnail","7":"category-nancy","8":"tag-actu","9":"tag-actualites","10":"tag-edition-luneville","11":"tag-edition-nancy-et-agglomeration","12":"tag-edition-pont-a-mousson","13":"tag-edition-toul","14":"tag-eu","15":"tag-europe","16":"tag-fil-info","17":"tag-fleville-devant-nancy","18":"tag-fr","19":"tag-france","20":"tag-galerie-photo","21":"tag-grand-est","22":"tag-histoire","23":"tag-meurthe-et-moselle","24":"tag-nancy","25":"tag-news","26":"tag-region-lorraine","27":"tag-republique-francaise","28":"tag-selection-de-la-redaction","29":"tag-societe","30":"tag-spectacle"},"share_on_mastodon":{"url":"https:\/\/pubeurope.com\/@fr\/114689664856098458","error":""},"_links":{"self":[{"href":"https:\/\/www.europesays.com\/fr\/wp-json\/wp\/v2\/posts\/179350","targetHints":{"allow":["GET"]}}],"collection":[{"href":"https:\/\/www.europesays.com\/fr\/wp-json\/wp\/v2\/posts"}],"about":[{"href":"https:\/\/www.europesays.com\/fr\/wp-json\/wp\/v2\/types\/post"}],"author":[{"embeddable":true,"href":"https:\/\/www.europesays.com\/fr\/wp-json\/wp\/v2\/users\/2"}],"replies":[{"embeddable":true,"href":"https:\/\/www.europesays.com\/fr\/wp-json\/wp\/v2\/comments?post=179350"}],"version-history":[{"count":0,"href":"https:\/\/www.europesays.com\/fr\/wp-json\/wp\/v2\/posts\/179350\/revisions"}],"wp:featuredmedia":[{"embeddable":true,"href":"https:\/\/www.europesays.com\/fr\/wp-json\/wp\/v2\/media\/179351"}],"wp:attachment":[{"href":"https:\/\/www.europesays.com\/fr\/wp-json\/wp\/v2\/media?parent=179350"}],"wp:term":[{"taxonomy":"category","embeddable":true,"href":"https:\/\/www.europesays.com\/fr\/wp-json\/wp\/v2\/categories?post=179350"},{"taxonomy":"post_tag","embeddable":true,"href":"https:\/\/www.europesays.com\/fr\/wp-json\/wp\/v2\/tags?post=179350"}],"curies":[{"name":"wp","href":"https:\/\/api.w.org\/{rel}","templated":true}]}}