{"id":179372,"date":"2025-06-15T22:23:25","date_gmt":"2025-06-15T22:23:25","guid":{"rendered":"https:\/\/www.europesays.com\/fr\/179372\/"},"modified":"2025-06-15T22:23:25","modified_gmt":"2025-06-15T22:23:25","slug":"pres-de-nice-feu-vert-pour-cette-commune-des-travaux-xxl-vont-pouvoir-commencer","status":"publish","type":"post","link":"https:\/\/www.europesays.com\/fr\/179372\/","title":{"rendered":"Pr\u00e8s de Nice. Feu vert pour cette commune, des travaux XXL vont pouvoir commencer"},"content":{"rendered":"<p>            Par<br \/>\n        <strong><br \/>\n            <a href=\"https:\/\/actu.fr\/auteur\/ugo-maillard\" title=\"Consulter tous les articles de Ugo Maillard\" rel=\"nofollow noopener\" target=\"_blank\">Ugo Maillard<\/a><br \/>\n        <\/strong><\/p>\n<p>        Publi\u00e9 le<\/p>\n<p>            13 juin 2025 \u00e0 18h13        <\/p>\n<p>Un soulagement pour la commune. Une enqu\u00eate publique s\u2019est tenue du 10\u00a0mars au 10\u00a0avril 2025 sur le territoire Mandelieu-la-Napoule, dans les <a href=\"https:\/\/actu.fr\/provence-alpes-cote-d-azur\/alpes-maritimes_06\" rel=\"nofollow noopener\" target=\"_blank\">Alpes-Maritimes<\/a>. L\u2019objectif des enqu\u00eateurs \u00e9tait de d\u00e9finir ou non l\u2019utilit\u00e9 publique de travaux visant \u00e0 cr\u00e9er une<strong> retenue d\u2019eau<\/strong> au niveau du Riou de l\u2019Argenti\u00e8re. Un ouvrage port\u00e9 par la Ville et l\u2019Agglom\u00e9ration Cannes L\u00e9rins dans l\u2019optique de lutter contre les crues sur le secteur. L\u2019avis rendu par l\u2019enqu\u00eate a un rendu un <strong>avis favorable,<\/strong> ce qui va permettre de lancer les travaux dans cette commune situ\u00e9e \u00e0 l\u2019ouest de <a href=\"https:\/\/actu.fr\/nice\/\" rel=\"nofollow noopener\" target=\"_blank\">Nice<\/a>.<\/p>\n<p>    <a href=\"https:\/\/www.google.com\/maps\/embed?pb=!1m18!1m12!1m3!1d185120.74656410972!2d6.753183647198953!3d43.53337510336401!2m3!1f0!2f0!3f0!3m2!1i1024!2i768!4f13.1!3m3!1m2!1s0x12ce8320cb630595%3A0x9ead3caddcae74b3!2s06210%20Mandelieu-la-Napoule!5e0!3m2!1sfr!2sfr!4v1749826570591!5m2!1sfr!2sfr\" title=\"Ouvrie le lien\" rel=\"nofollow noopener\" target=\"_blank\">Cliquez ici pour visualiser le contenu<\/a><\/p>\n<p>Un avis favorable \u00e0 la d\u00e9claration d\u2019utilit\u00e9 publique de l\u2019ouvrage<\/p>\n<p class=\" wall-content\">Dans un rapport rendu le 13\u00a0mai 2025, le commissaire en charge de l\u2019enqu\u00eate a rendu ses conclusions. Il \u00e9voque, entre autres, un dossier \u00ab\u2009complet, coh\u00e9rent et bien argument\u00e9\u2009\u00bb.<\/p>\n<p class=\" wall-content\">Il \u00ab\u2009salue la prise en compte des enjeux environnementaux et humains, estimant que les avantages sont tr\u00e8s largement sup\u00e9rieurs aux contraintes\u2009\u00bb.<\/p>\n<p class=\" wall-content\">Ces conclusions ne sont pas vaines puisque cela permet d\u2019\u00e9mettre un avis favorable \u00e0 la <strong>d\u00e9claration d\u2019utilit\u00e9 publique de l\u2019ouvrage<\/strong>.<\/p>\n<p>Une bonne nouvelle pour la commune<\/p>\n<p class=\" wall-content\">La municipalit\u00e9 de <a href=\"https:\/\/actu.fr\/provence-alpes-cote-d-azur\/mandelieu-la-napoule_06079\" rel=\"nofollow noopener\" target=\"_blank\">Mandelieu-la-Napoule<\/a> s\u2019est r\u00e9jouie de cette d\u00e9cision par le biais d\u2019un communiqu\u00e9 transmis \u00e0 actu Nice, car ce feu vert ouvre la voie \u00e0 la mise en \u0153uvre op\u00e9rationnelle du chantier.<\/p>\n<p class=\" wall-content\">\u00ab\u2009C\u2019est un ouvrage indispensable \u00e0 la strat\u00e9gie de lutte contre les inondations mise en \u0153uvre par le Maire de Mandelieu, S\u00e9bastien Leroy, avec le soutien de David Lisnard, Pr\u00e9sident de l\u2019agglom\u00e9ration\u2009\u00bb, commentent les services de la Ville.<\/p>\n<blockquote class=\"ac-article-quote wall-content\">\n<p>C\u2019est une \u00e9tape d\u00e9cisive pour Mandelieu-La Napoule. Depuis plus de 13 ans, nous nous battons pour offrir \u00e0 notre ville cet ouvrage pour r\u00e9duire les risques face aux inondations, gr\u00e2ce \u00e0 une retenue d\u2019eau jusqu\u2019\u00e0 390000m\u00b3. L\u2019avis favorable du commissaire enqu\u00eateur confirme que ce projet est \u00e0 la fois pertinent, bien con\u00e7u et d\u2019utilit\u00e9 publique. C\u2019est une premi\u00e8re victoire pour la s\u00e9curit\u00e9 de nos habitants, pour notre r\u00e9silience et pour l\u2019avenir de notre territoire. <\/p>\n<p>    <strong>S\u00e9bastien Leroy<\/strong><br \/>\n        Maire de Mandelieu-La Napoule    <\/p><\/blockquote>\n<p class=\" wall-content\">Il s\u2019inscrit dans le cadre du Programme d\u2019Actions de Pr\u00e9vention des Inondations (PAPI) du Riou de l\u2019Argenti\u00e8re initi\u00e9 par la Mairie de Mandelieu-la-Napoule.<\/p>\n<p class=\" wall-content\">Suivez toute l\u2019actualit\u00e9 de vos villes et m\u00e9dias favoris en vous inscrivant \u00e0 <a href=\"https:\/\/moncompte.actu.fr\" title=\"D\u00e9couvez Mon Actu\" rel=\"nofollow noopener\" data-trk=\"{&quot;cta&quot;:{&quot;action&quot;:&quot;https:\\\/\\\/moncompte.actu.fr&quot;,&quot;category&quot;:&quot;mon compte&quot;,&quot;from&quot;:&quot;article footer&quot;,&quot;name&quot;:&quot;Mon actu&quot;,&quot;type&quot;:&quot;cta&quot;}}\" target=\"_blank\">Mon Actu<\/a>.<\/p>\n","protected":false},"excerpt":{"rendered":"Par Ugo Maillard Publi\u00e9 le 13 juin 2025 \u00e0 18h13 Un soulagement pour la commune. Une enqu\u00eate publique&hellip;\n","protected":false},"author":2,"featured_media":179373,"comment_status":"","ping_status":"","sticky":false,"template":"","format":"standard","meta":{"footnotes":""},"categories":[2819],"tags":[1111,11,1777,674,1011,27,12,2401,882,25,104,2086],"class_list":{"0":"post-179372","1":"post","2":"type-post","3":"status-publish","4":"format-standard","5":"has-post-thumbnail","7":"category-nice","8":"tag-actu","9":"tag-actualites","10":"tag-eu","11":"tag-europe","12":"tag-fr","13":"tag-france","14":"tag-news","15":"tag-nice","16":"tag-provence-alpes-cote-dazur","17":"tag-republique-francaise","18":"tag-societe","19":"tag-travaux"},"share_on_mastodon":{"url":"https:\/\/pubeurope.com\/@fr\/114689723834246358","error":""},"_links":{"self":[{"href":"https:\/\/www.europesays.com\/fr\/wp-json\/wp\/v2\/posts\/179372","targetHints":{"allow":["GET"]}}],"collection":[{"href":"https:\/\/www.europesays.com\/fr\/wp-json\/wp\/v2\/posts"}],"about":[{"href":"https:\/\/www.europesays.com\/fr\/wp-json\/wp\/v2\/types\/post"}],"author":[{"embeddable":true,"href":"https:\/\/www.europesays.com\/fr\/wp-json\/wp\/v2\/users\/2"}],"replies":[{"embeddable":true,"href":"https:\/\/www.europesays.com\/fr\/wp-json\/wp\/v2\/comments?post=179372"}],"version-history":[{"count":0,"href":"https:\/\/www.europesays.com\/fr\/wp-json\/wp\/v2\/posts\/179372\/revisions"}],"wp:featuredmedia":[{"embeddable":true,"href":"https:\/\/www.europesays.com\/fr\/wp-json\/wp\/v2\/media\/179373"}],"wp:attachment":[{"href":"https:\/\/www.europesays.com\/fr\/wp-json\/wp\/v2\/media?parent=179372"}],"wp:term":[{"taxonomy":"category","embeddable":true,"href":"https:\/\/www.europesays.com\/fr\/wp-json\/wp\/v2\/categories?post=179372"},{"taxonomy":"post_tag","embeddable":true,"href":"https:\/\/www.europesays.com\/fr\/wp-json\/wp\/v2\/tags?post=179372"}],"curies":[{"name":"wp","href":"https:\/\/api.w.org\/{rel}","templated":true}]}}