{"id":179382,"date":"2025-06-15T22:28:12","date_gmt":"2025-06-15T22:28:12","guid":{"rendered":"https:\/\/www.europesays.com\/fr\/179382\/"},"modified":"2025-06-15T22:28:12","modified_gmt":"2025-06-15T22:28:12","slug":"orages-la-haute-garonne-placee-en-vigilance-jaune-par-meteo-france-ce-dimanche","status":"publish","type":"post","link":"https:\/\/www.europesays.com\/fr\/179382\/","title":{"rendered":"Orages. La Haute-Garonne plac\u00e9e en vigilance jaune par M\u00e9t\u00e9o France ce dimanche"},"content":{"rendered":"<p>            Par<br \/>\n        <strong><br \/>\n            <a href=\"https:\/\/actu.fr\/auteur\/mareva-laville-actu-fr\" title=\"Consulter tous les articles de Mar\u00e9va Laville\" target=\"_blank\" rel=\"noopener\">Mar\u00e9va Laville<\/a><br \/>\n        <\/strong><\/p>\n<p>        Publi\u00e9 le<\/p>\n<p>            15 juin 2025 \u00e0 10h45        <\/p>\n<p><a href=\"https:\/\/actu.fr\/meteo\/orages-encore-de-nombreux-departements-en-vigilance-ce-dimanche-voici-ou-ca-va-cogner_62773890.html\" target=\"_blank\" rel=\"noopener\">Changement de derni\u00e8re minute<\/a> pour la <strong>Haute-Garonne.<\/strong> Le d\u00e9partement a finalement \u00e9t\u00e9 plac\u00e9 en <strong>vigilance jaune pour orages<\/strong> par <a href=\"https:\/\/actu.fr\/tag\/meteo-france\" target=\"_blank\" rel=\"noopener\">M\u00e9t\u00e9o France<\/a> ce dimanche 15 juin 2025, alors qu\u2019aucune intemp\u00e9rie n\u2019\u00e9tait annonc\u00e9e par les experts m\u00e9t\u00e9o.\u00a0<\/p>\n<p>Une alerte que pour ce matin<\/p>\n<p class=\" wall-content\">Mais dans la nuit, le bulletin s\u2019est affin\u00e9. \u00ab\u00a0La vigilance ne concerne la Haute-Garonne que ce matin\u00a0\u00bb, pr\u00e9cise <strong>Val\u00e9ry Mourot, pr\u00e9visionniste chez M\u00e9t\u00e9o France<\/strong>. Elle durera jusqu\u2019\u00e0 12 heures. Il s\u2019agit n\u00e9anmoins d\u2019une alerte \u00ab\u00a0jaune p\u00e2le\u00a0\u00bb, estime-t-il.\u00a0<\/p>\n<p class=\" wall-content\">\n<p>Une cellule orageuse au sud de Toulouse<\/p>\n<p class=\" wall-content\">Selon le pr\u00e9visionniste, la vigilance est de rigueur <a href=\"https:\/\/actu.fr\/occitanie\/toulouse_31555\/de-nouveaux-orages-risquent-de-frapper-toulouse-et-l-occitanie-ce-que-dit-meteo-france_62773939.html\" target=\"_blank\" rel=\"noopener\">\u00e0 cause d\u2019une cellule orageuse<\/a>. \u00ab\u00a0Une petite activit\u00e9 orageuse avec des \u00e9chos temporaires touchent le sud de Toulouse, avec de la pluie, mais sans rev\u00eatir de s\u00e9v\u00e9rit\u00e9 particuli\u00e8re\u00a0\u00bb, explique Val\u00e9ry Mourot.<\/p>\n<p class=\" wall-content\">En effet, dans la Ville rose, le tonnerre a commenc\u00e9 \u00e0 gronder peu apr\u00e8s 9 heures et les premi\u00e8res averses sont tomb\u00e9es, faisant descendre le thermom\u00e8tre \u00e0 19\u00b0C ce matin et 21\u00b0C cet apr\u00e8s-midi sous les nuages.<\/p>\n<p><a class=\"jo-module-caroussel__img-container\" href=\"https:\/\/static.actu.fr\/uploads\/2025\/06\/meteo-haute-garonnedimanche15.png\" title=\"Agrandir la photo Les pr\u00e9visions en Haute-Garonne ce dimanche 15 juin matin. (\u00a9 Capture d&#039;\u00e9cran M\u00e9t\u00e9o France)\" data-idx=\"1\" target=\"_blank\" rel=\"noopener\"><br \/>\n    <img decoding=\"async\" class=\"jo-module-caroussel__img\" loading=\"lazy\" src=\"https:\/\/www.europesays.com\/fr\/wp-content\/uploads\/2025\/06\/meteo-haute-garonnedimanche15-640x427.png\" alt=\"Les pr\u00e9visions en Haute-Garonne ce dimanche 15 juin matin. (\u00a9 Capture d'\u00e9cran M\u00e9t\u00e9o France)\" width=\"640\" height=\"427\"\/><\/a><a class=\"jo-module-caroussel__img-container\" href=\"https:\/\/static.actu.fr\/uploads\/2025\/06\/haute-garonne-dimanche15.png\" title=\"Agrandir la photo Les pr\u00e9visions en Haute-Garonne cet apr\u00e8s-midi. (\u00a9 Capture d&#039;\u00e9cran M\u00e9t\u00e9o France)\" data-idx=\"2\" target=\"_blank\" rel=\"noopener\"><br \/>\n    <img decoding=\"async\" class=\"jo-module-caroussel__img\" loading=\"lazy\" src=\"https:\/\/www.europesays.com\/fr\/wp-content\/uploads\/2025\/06\/haute-garonne-dimanche15-640x427.png\" alt=\"Les pr\u00e9visions en Haute-Garonne cet apr\u00e8s-midi. (\u00a9 Capture d'\u00e9cran M\u00e9t\u00e9o France)\" width=\"640\" height=\"427\"\/><\/a>Vid\u00e9os : en ce moment sur Actu<\/p>\n<p class=\" wall-content\">Toutefois, l\u2019\u00e9pisode sera loin d\u2019\u00eatre aussi virulent que les orages de mai, d\u00e9but jui, ni m\u00eame encore <a href=\"https:\/\/actu.fr\/occitanie\/toulouse_31555\/de-nouveaux-orages-risquent-de-frapper-toulouse-et-l-occitanie-ce-que-dit-meteo-france_62773939.html\" target=\"_blank\" rel=\"noopener\">celui de vendredi 13 juin<\/a>, qui a provoqu\u00e9 <a href=\"https:\/\/actu.fr\/occitanie\/toulouse_31555\/toulouse-alerte-orange-aux-orages-la-soiree-du-festival-rio-loco-sera-t-elle-maintenue_62768401.html\" target=\"_blank\" rel=\"noopener\">l\u2019annulation de derni\u00e8re minute de la soir\u00e9e du vendredi de Rio Loco.<\/a><\/p>\n<p class=\" wall-content\">Suivez toute l\u2019actualit\u00e9 de vos villes et m\u00e9dias favoris en vous inscrivant \u00e0 <a href=\"https:\/\/moncompte.actu.fr\" title=\"D\u00e9couvez Mon Actu\" rel=\"nofollow noopener\" data-trk=\"{&quot;cta&quot;:{&quot;action&quot;:&quot;https:\\\/\\\/moncompte.actu.fr&quot;,&quot;category&quot;:&quot;mon compte&quot;,&quot;from&quot;:&quot;article footer&quot;,&quot;name&quot;:&quot;Mon actu&quot;,&quot;type&quot;:&quot;cta&quot;}}\" target=\"_blank\">Mon Actu<\/a>.<\/p>\n","protected":false},"excerpt":{"rendered":"Par Mar\u00e9va Laville Publi\u00e9 le 15 juin 2025 \u00e0 10h45 Changement de derni\u00e8re minute pour la Haute-Garonne. Le&hellip;\n","protected":false},"author":2,"featured_media":179383,"comment_status":"","ping_status":"","sticky":false,"template":"","format":"standard","meta":{"footnotes":""},"categories":[2816],"tags":[1111,11,1777,674,1011,27,2487,2357,12,2680,4594,25,2312],"class_list":{"0":"post-179382","1":"post","2":"type-post","3":"status-publish","4":"format-standard","5":"has-post-thumbnail","7":"category-toulouse","8":"tag-actu","9":"tag-actualites","10":"tag-eu","11":"tag-europe","12":"tag-fr","13":"tag-france","14":"tag-meteo","15":"tag-meteo-france","16":"tag-news","17":"tag-occitanie","18":"tag-orages","19":"tag-republique-francaise","20":"tag-toulouse"},"share_on_mastodon":{"url":"https:\/\/pubeurope.com\/@fr\/114689743662773963","error":""},"_links":{"self":[{"href":"https:\/\/www.europesays.com\/fr\/wp-json\/wp\/v2\/posts\/179382","targetHints":{"allow":["GET"]}}],"collection":[{"href":"https:\/\/www.europesays.com\/fr\/wp-json\/wp\/v2\/posts"}],"about":[{"href":"https:\/\/www.europesays.com\/fr\/wp-json\/wp\/v2\/types\/post"}],"author":[{"embeddable":true,"href":"https:\/\/www.europesays.com\/fr\/wp-json\/wp\/v2\/users\/2"}],"replies":[{"embeddable":true,"href":"https:\/\/www.europesays.com\/fr\/wp-json\/wp\/v2\/comments?post=179382"}],"version-history":[{"count":0,"href":"https:\/\/www.europesays.com\/fr\/wp-json\/wp\/v2\/posts\/179382\/revisions"}],"wp:featuredmedia":[{"embeddable":true,"href":"https:\/\/www.europesays.com\/fr\/wp-json\/wp\/v2\/media\/179383"}],"wp:attachment":[{"href":"https:\/\/www.europesays.com\/fr\/wp-json\/wp\/v2\/media?parent=179382"}],"wp:term":[{"taxonomy":"category","embeddable":true,"href":"https:\/\/www.europesays.com\/fr\/wp-json\/wp\/v2\/categories?post=179382"},{"taxonomy":"post_tag","embeddable":true,"href":"https:\/\/www.europesays.com\/fr\/wp-json\/wp\/v2\/tags?post=179382"}],"curies":[{"name":"wp","href":"https:\/\/api.w.org\/{rel}","templated":true}]}}