{"id":179392,"date":"2025-06-15T22:34:08","date_gmt":"2025-06-15T22:34:08","guid":{"rendered":"https:\/\/www.europesays.com\/fr\/179392\/"},"modified":"2025-06-15T22:34:08","modified_gmt":"2025-06-15T22:34:08","slug":"le-sens-cache-des-comptines-de-benjamin-valiere","status":"publish","type":"post","link":"https:\/\/www.europesays.com\/fr\/179392\/","title":{"rendered":"\u00ab\u00a0Le sens cach\u00e9 des comptines\u00a0\u00bb de Benjamin Vali\u00e8re"},"content":{"rendered":"<p>Rendez-vous dimanche 29 juin 2025 \u00e0 18h, au Caf\u00e9 Th\u00e9\u00e2tre de l&rsquo;Accessoire \u00e0 Lyon.<\/p>\n<p>Le sens cach\u00e9 des chansons pour enfants<\/p>\n<p>\u201cC&rsquo;est la m\u00e8re Michel\u201d, \u201cIl \u00e9tait un petit navire\u201d, \u201cUne souris verte\u201d, autant de chansons indissociables de l&rsquo;enfance et que nous connaissons tous. Mais que signifient r\u00e9ellement leurs paroles ?<\/p>\n<p>Et si on vous disait que bon nombre d&rsquo;entre elles comportent un double sens cach\u00e9 ? N&rsquo;avez-vous tout d&rsquo;un coup pas envie de savoir ce que le personnage de \u201cAu clair de la lune\u201d est all\u00e9 faire chez sa voisine ? Ou bien pourquoi \u201cnous n&rsquo;irons plus au bois\u201d ? Et on ne vous parle l\u00e0 que des chansons les plus politiquement correctes, car certaines n&rsquo;h\u00e9sitent pas \u00e0 \u00e9voquer viol, mort, torture, cannibalisme et autres joyeuset\u00e9s.<\/p>\n<p>Avec sa guitare, son synth\u00e9 et sa voix, il vient donc interpr\u00e9ter 7 chansons, parmi les plus connues du r\u00e9pertoire enfantin. Vous vous attendez \u00e0 \u00eatre surpris ? Faites-lui confiance, vous le serez encore davantage. C&rsquo;est s\u00fbr, il va ruiner votre enfance. Mais promis, vous allez adorer \u00e7a !<\/p>\n<p>Rendez-vous dimanche 29 juin 2025 \u00e0 18h, <br \/>au Caf\u00e9 Th\u00e9\u00e2tre de l&rsquo;Accessoire \u00e0 Lyon<\/p>\n<p>Infos pratiques : <br \/>&#8211; Adresse : 26 Rue de l&rsquo;Annonciade, 69001 Lyon<br \/>&#8211; Tarifs : \u00e0 partir de 15,50 euros<br \/>&#8211; Pour tout public de 13 ans jusqu&rsquo;\u00e0 90 ans<br \/>&#8211; Dur\u00e9e : 90 minutes soit 1h30<br \/>&#8211; Billetterie <a class=\"url\" href=\"https:\/\/www.billetreduc.com\/v2\/PurchaseTunnel#\/SeatsSelection?eventId=375746&amp;date=2025-06-29%2018%3A00\" target=\"_blank\" rel=\"noopener\">ici<\/a><\/p>\n<p>Plus d&rsquo;infos sur le site <a class=\"url\" href=\"https:\/\/www.billetreduc.com\/375746\/evt.htm\" target=\"_blank\" rel=\"noopener\">Billet reduc<\/a>.<\/p>\n<p>Impact FM est partenaire de l&rsquo;\u00e9v\u00e8nement<\/p>\n<tr>\n<td class=\"defaut\"><a href=\"https:\/\/www.radioscoop.com\/agenda\/javascript:void(0)\" onclick=\"parent.RS.diaporama.addMedia(696033) ;\" target=\"_blank\" rel=\"noopener\"><img loading=\"lazy\" decoding=\"async\" src=\"https:\/\/www.europesays.com\/fr\/wp-content\/uploads\/2025\/06\/1750026848_992_img\" width=\"453\" height=\"640\" border=\"0\" title=\"&quot;Le sens cach\u00e9 des comptines&quot; de Benjamin Vali\u00e8re\"\/><\/a><\/td>\n<\/tr>\n<p><\/p>\n","protected":false},"excerpt":{"rendered":"Rendez-vous dimanche 29 juin 2025 \u00e0 18h, au Caf\u00e9 Th\u00e9\u00e2tre de l&rsquo;Accessoire \u00e0 Lyon. Le sens cach\u00e9 des&hellip;\n","protected":false},"author":2,"featured_media":179393,"comment_status":"","ping_status":"","sticky":false,"template":"","format":"standard","meta":{"footnotes":""},"categories":[1889],"tags":[1111,11,2430,18096,20504,2935,13435,1719,1777,674,1011,27,18100,18095,2428,12,25,1347],"class_list":{"0":"post-179392","1":"post","2":"type-post","3":"status-publish","4":"format-standard","5":"has-post-thumbnail","7":"category-lyon","8":"tag-actu","9":"tag-actualites","10":"tag-auvergne-rhone-alpes","11":"tag-benjamin-valire","12":"tag-caf","13":"tag-chansons","14":"tag-contes","15":"tag-enfants","16":"tag-eu","17":"tag-europe","18":"tag-fr","19":"tag-france","20":"tag-guitare","21":"tag-le-sens-cach-des-comptines","22":"tag-lyon","23":"tag-news","24":"tag-republique-francaise","25":"tag-theatre"},"share_on_mastodon":{"url":"https:\/\/pubeurope.com\/@fr\/114689767221657681","error":""},"_links":{"self":[{"href":"https:\/\/www.europesays.com\/fr\/wp-json\/wp\/v2\/posts\/179392","targetHints":{"allow":["GET"]}}],"collection":[{"href":"https:\/\/www.europesays.com\/fr\/wp-json\/wp\/v2\/posts"}],"about":[{"href":"https:\/\/www.europesays.com\/fr\/wp-json\/wp\/v2\/types\/post"}],"author":[{"embeddable":true,"href":"https:\/\/www.europesays.com\/fr\/wp-json\/wp\/v2\/users\/2"}],"replies":[{"embeddable":true,"href":"https:\/\/www.europesays.com\/fr\/wp-json\/wp\/v2\/comments?post=179392"}],"version-history":[{"count":0,"href":"https:\/\/www.europesays.com\/fr\/wp-json\/wp\/v2\/posts\/179392\/revisions"}],"wp:featuredmedia":[{"embeddable":true,"href":"https:\/\/www.europesays.com\/fr\/wp-json\/wp\/v2\/media\/179393"}],"wp:attachment":[{"href":"https:\/\/www.europesays.com\/fr\/wp-json\/wp\/v2\/media?parent=179392"}],"wp:term":[{"taxonomy":"category","embeddable":true,"href":"https:\/\/www.europesays.com\/fr\/wp-json\/wp\/v2\/categories?post=179392"},{"taxonomy":"post_tag","embeddable":true,"href":"https:\/\/www.europesays.com\/fr\/wp-json\/wp\/v2\/tags?post=179392"}],"curies":[{"name":"wp","href":"https:\/\/api.w.org\/{rel}","templated":true}]}}