{"id":179396,"date":"2025-06-15T22:37:09","date_gmt":"2025-06-15T22:37:09","guid":{"rendered":"https:\/\/www.europesays.com\/fr\/179396\/"},"modified":"2025-06-15T22:37:09","modified_gmt":"2025-06-15T22:37:09","slug":"quelles-perturbations-prevoir-pour-la-ratp-et-la-sncf-cette-semaine-14","status":"publish","type":"post","link":"https:\/\/www.europesays.com\/fr\/179396\/","title":{"rendered":"Quelles perturbations pr\u00e9voir pour la RATP et la SNCF cette semaine ?"},"content":{"rendered":"<p><strong>TRANSPORTS &#8211; Du 16 au 22 juin, les lignes de transport franciliennes connaissent plusieurs changements. Faisons le point afin de mieux appr\u00e9hender la situation<\/strong><\/p>\n<p>En cette derni\u00e8re semaine avant l&rsquo;\u00e9t\u00e9, les usagers des transports communs parisiens et franciliens devront s&rsquo;adapter \u00e0 de nouvelles perturbations SNCF et RATP. Du 16 au 22 juin 2025, plusieurs lignes sont concern\u00e9es. Faisons le point.<\/p>\n<p>M\u00e9tro<\/p>\n<ul class=\"caas-list caas-list-bullet\">\n<li>\n<p>Ligne 14 : mercredi 18 juin, d\u00e8s 22 heures, le trafic sera interrompu sur l\u2019ensemble de la ligne (travaux).<\/p>\n<\/li>\n<\/ul>\n<p>RER<\/p>\n<ul class=\"caas-list caas-list-bullet\">\n<li>\n<p>RER A : Du lundi 16 juin au vendredi 20 juin, d\u00e8s 22h15, le trafic sera interrompu entre Maisons-Laffitte et <a href=\"https:\/\/www.20minutes.fr\/dossier\/cergy?at_medium=RSS%20feed&amp;at_campaign=ynews&amp;utm_source=yahoo&amp;utm_medium=rss&amp;utm_campaign=news_feed&amp;utm_content=in_article_link\" rel=\"nofollow noopener\" target=\"_blank\" data-ylk=\"slk:Cergy;elm:context_link;itc:0;sec:content-canvas\" class=\"link \">Cergy<\/a> \u2013 Le Haut (travaux). Des bus de substitution seront mis en place \u00e0 Sartrouville.<\/p>\n<\/li>\n<li>\n<p><a href=\"https:\/\/www.20minutes.fr\/dossier\/rer_b?at_medium=RSS%20feed&amp;at_campaign=ynews&amp;utm_source=yahoo&amp;utm_medium=rss&amp;utm_campaign=news_feed&amp;utm_content=in_article_link\" rel=\"nofollow noopener\" target=\"_blank\" data-ylk=\"slk:RER B;elm:context_link;itc:0;sec:content-canvas\" class=\"link \">RER B<\/a> : du lundi 16 juin au mercredi 18 juin, d\u00e8s 22h45, le trafic sera interrompu entre Gare du Nord et A\u00e9roport Charles de Gaulle 2 \u2013 TGV via Mitry \u2013 Claye (travaux). Des bus de substitution seront mis en place. Vendredi 20 juin, d\u00e8s 22h45, le trafic sera interrompu entre Gare du Nord et A\u00e9roport Charles de Gaulle 2 \u2013 TGV via Mitry \u2013 Claye (travaux). Des bus de substitution seront mis en place<\/p>\n<\/li>\n<\/ul>\n<p>RER C : jusqu\u2019au 30 juin, l\u2019arr\u00eat n\u2019est pas desservi \u00e0 Issy vers Versailles Ch\u00e2teau Rive Gauche et Saint-Quentin en Yvelines \u2013 Montigny-le-Bretonneux en raison de mesures de s\u00e9curit\u00e9. Du lundi au vendredi, \u00e0 partir de 23h30, le trafic est interrompu entre Versailles Ch\u00e2teau Rive Gauche et Javel (travaux). M\u00eame chose entre Javel et St-Quentin en Yvelines (travaux). M\u00eame chose entre Dourdan\/Saint-Martin d\u2019Etampes et Paris Austerlitz d\u00e8s 23h30. M\u00eame chose entre Paris Austerlitz et Juvisy via Choisy le Roi \u00e0 partir de 23 heures. M\u00eame chose entre Pari(&#8230;)<\/p>\n<p><a href=\"https:\/\/www.20minutes.fr\/paris\/4158611-20250615-paris-ile-france-perturbations-prevoir-ratp-sncf-semaine?at_medium=RSS%20feed&amp;at_campaign=ynews&amp;utm_source=yahoo&amp;utm_medium=rss&amp;utm_campaign=news_feed&amp;utm_content=read_more_link\" rel=\"nofollow noopener\" target=\"_blank\" data-ylk=\"slk:Lire la suite sur 20minutes;elm:context_link;itc:0;sec:content-canvas\" class=\"link \">Lire la suite sur 20minutes<\/a><\/p>\n<p>\u00c0 lire aussi :<br \/><a href=\"https:\/\/www.20minutes.fr\/paris\/4157903-20250611-sncf-retour-chartres-jeune-pelerin-verbalise-avoir-chante-gare-montparnasse?at_medium=RSS%20feed&amp;at_campaign=ynews&amp;utm_source=yahoo&amp;utm_medium=rss&amp;utm_campaign=news_feed&amp;utm_content=related_content_link\" rel=\"nofollow noopener\" target=\"_blank\" data-ylk=\"slk:SNCF : De retour de Chartres, un jeune p\u00e8lerin verbalis\u00e9 pour avoir chant\u00e9 en gare de Montparnasse;elm:context_link;itc:0;sec:content-canvas\" class=\"link \">SNCF : De retour de Chartres, un jeune p\u00e8lerin verbalis\u00e9 pour avoir chant\u00e9 en gare de Montparnasse<\/a><br \/><a href=\"https:\/\/www.20minutes.fr\/sante\/4157353-20250610-hors-service-voles-defaillants-france-etat-parc-defibrillateurs-fait-froid-dos?at_medium=RSS%20feed&amp;at_campaign=ynews&amp;utm_source=yahoo&amp;utm_medium=rss&amp;utm_campaign=news_feed&amp;utm_content=related_content_link\" rel=\"nofollow noopener\" target=\"_blank\" data-ylk=\"slk:Hors service, vol\u00e9s ou d\u00e9faillants\u2026 En France, l\u2019\u00e9tat du parc de d\u00e9fibrillateurs fait froid dans le dos;elm:context_link;itc:0;sec:content-canvas\" class=\"link \">Hors service, vol\u00e9s ou d\u00e9faillants\u2026 En France, l\u2019\u00e9tat du parc de d\u00e9fibrillateurs fait froid dans le dos<\/a><\/p>\n","protected":false},"excerpt":{"rendered":"TRANSPORTS &#8211; Du 16 au 22 juin, les lignes de transport franciliennes connaissent plusieurs changements. Faisons le point&hellip;\n","protected":false},"author":2,"featured_media":179397,"comment_status":"","ping_status":"","sticky":false,"template":"","format":"standard","meta":{"footnotes":""},"categories":[1592],"tags":[1111,11,4191,1777,674,1011,27,31630,662,8931,12,626,25,31629,25157],"class_list":{"0":"post-179396","1":"post","2":"type-post","3":"status-publish","4":"format-standard","5":"has-post-thumbnail","7":"category-ile-de-france","8":"tag-actu","9":"tag-actualites","10":"tag-aeroport-charles-de-gaulle","11":"tag-eu","12":"tag-europe","13":"tag-fr","14":"tag-france","15":"tag-gare-de-montparnasse","16":"tag-ile-de-france","17":"tag-lignes-de-transport","18":"tag-news","19":"tag-paris","20":"tag-republique-francaise","21":"tag-saint-quentin-en-yvelines","22":"tag-st-quentin-en-yvelines"},"share_on_mastodon":{"url":"https:\/\/pubeurope.com\/@fr\/114689779155021808","error":""},"_links":{"self":[{"href":"https:\/\/www.europesays.com\/fr\/wp-json\/wp\/v2\/posts\/179396","targetHints":{"allow":["GET"]}}],"collection":[{"href":"https:\/\/www.europesays.com\/fr\/wp-json\/wp\/v2\/posts"}],"about":[{"href":"https:\/\/www.europesays.com\/fr\/wp-json\/wp\/v2\/types\/post"}],"author":[{"embeddable":true,"href":"https:\/\/www.europesays.com\/fr\/wp-json\/wp\/v2\/users\/2"}],"replies":[{"embeddable":true,"href":"https:\/\/www.europesays.com\/fr\/wp-json\/wp\/v2\/comments?post=179396"}],"version-history":[{"count":0,"href":"https:\/\/www.europesays.com\/fr\/wp-json\/wp\/v2\/posts\/179396\/revisions"}],"wp:featuredmedia":[{"embeddable":true,"href":"https:\/\/www.europesays.com\/fr\/wp-json\/wp\/v2\/media\/179397"}],"wp:attachment":[{"href":"https:\/\/www.europesays.com\/fr\/wp-json\/wp\/v2\/media?parent=179396"}],"wp:term":[{"taxonomy":"category","embeddable":true,"href":"https:\/\/www.europesays.com\/fr\/wp-json\/wp\/v2\/categories?post=179396"},{"taxonomy":"post_tag","embeddable":true,"href":"https:\/\/www.europesays.com\/fr\/wp-json\/wp\/v2\/tags?post=179396"}],"curies":[{"name":"wp","href":"https:\/\/api.w.org\/{rel}","templated":true}]}}