{"id":179402,"date":"2025-06-15T22:40:10","date_gmt":"2025-06-15T22:40:10","guid":{"rendered":"https:\/\/www.europesays.com\/fr\/179402\/"},"modified":"2025-06-15T22:40:10","modified_gmt":"2025-06-15T22:40:10","slug":"judith-margolin-dans-mudith-monroevitz-un-seule-en-scene-hilarant-autant-quemouvant-au-point-virgule","status":"publish","type":"post","link":"https:\/\/www.europesays.com\/fr\/179402\/","title":{"rendered":"Judith Margolin dans \u00ab\u00a0Mudith Monroevitz\u00a0\u00bb : un seule en sc\u00e8ne hilarant autant qu&rsquo;\u00e9mouvant au Point Virgule"},"content":{"rendered":"<p><strong>Mudith se prend pour la r\u00e9incarnation ashk\u00e9naze de Marilyn Monroe depuis le jour de ses 11 ans, quand la star lui est apparue dans la cuisine de ses parents et lui a confi\u00e9 cette improbable mission.<\/strong><\/p>\n<p>Aujourd\u2019hui, Mudith a 35 ans et prend toujours son r\u00f4le tr\u00e8s au s\u00e9rieux : comme Marilyn, elle est com\u00e9dienne, a un balayage blond, des n\u00e9vroses exceptionnelles\u2026 et sa vie de r\u00e9incarnation s\u2019av\u00e8re plus compliqu\u00e9e que pr\u00e9vu.<\/p>\n<p>Mais ce soir, un rendez-vous va bouleverser son destin. Le temps d\u2019une nuit compl\u00e8tement folle, Mudith va ouvrir les poup\u00e9es russes qui la constituent\u2026 jusqu\u2019\u00e0 d\u00e9couvrir sa v\u00e9ritable identit\u00e9.<\/p>\n<p>Un v\u00e9ritable show m\u00ealant chant, danse, cascades et multitude de personnages, qui embarquera le public sur un grand huit hollywoodien pendant 1h10 !<\/p>\n<p><strong>Dans le cadre du festival Le Point Virgule f\u00eate 50 ans d\u2019humour !<\/strong><\/p>\n<p><strong>La presse en parle :<\/strong><\/p>\n<p>\u201cTr\u00e9s cin\u00e9matographique, truff\u00e9 d\u2019id\u00e9es formidables et surtout tr\u00e8s dr\u00f4le !\u201d \u2013\u00a0 Coup de c\u0153ur LE MASQUE ET LA PLUME I FRANCE INTER<br \/>\u201cUn seule-en-sc\u00e8ne touchant et dr\u00f4le. Une jolie r\u00e9flexion sur les diktats de la s\u00e9duction et le pouvoir de dire non.\u201d \u2013 T\u00c9L\u00c9RAMA TT<br \/>\u201cCette fille tient boutique d\u2019explosifs. Un bijou th\u00e9\u00e2tral !\u201d \u2013 LE FIGARO<br \/>\u201cComme sa cons\u0153ur Blanche Gardin, Mudith n\u2019h\u00e9site pas \u00e0 s\u2019aventurer en territoire de trivialit\u00e9. Une tornade de glamour et d\u2019humour.\u201d \u2013 PARISCOPE<br \/>\u201cUn show d\u00e9capant sur le consentement !\u201d \u2013 CAUSETTE<br \/>\u201cMudith est brillante, espi\u00e8gle, attachante et dr\u00f4le.\u201d \u2013 TV5 Monde<br \/>\u201cD\u00e9capant \u2013 Salutaire.\u201d \u2013 L\u2019HUMANIT\u00c9<\/p>\n<p>[Source : communiqu\u00e9 de presse]<\/p>\n<p><a href=\"https:\/\/www.clubartistikrezo.com\/\" rel=\"nofollow noopener\" target=\"_blank\"><b>\u00c9v\u00e9nement partenaire du Club Artistik Rezo<\/b><\/a><\/p>\n","protected":false},"excerpt":{"rendered":"Mudith se prend pour la r\u00e9incarnation ashk\u00e9naze de Marilyn Monroe depuis le jour de ses 11 ans, quand&hellip;\n","protected":false},"author":2,"featured_media":179403,"comment_status":"","ping_status":"","sticky":false,"template":"","format":"standard","meta":{"footnotes":""},"categories":[1888],"tags":[1111,11,4763,1777,674,1011,27,708,12,626,25,31631,3140],"class_list":{"0":"post-179402","1":"post","2":"type-post","3":"status-publish","4":"format-standard","5":"has-post-thumbnail","7":"category-paris","8":"tag-actu","9":"tag-actualites","10":"tag-agenda","11":"tag-eu","12":"tag-europe","13":"tag-fr","14":"tag-france","15":"tag-humour","16":"tag-news","17":"tag-paris","18":"tag-republique-francaise","19":"tag-seule-en-scene","20":"tag-spectacle"},"share_on_mastodon":{"url":"https:\/\/pubeurope.com\/@fr\/114689790782109129","error":""},"_links":{"self":[{"href":"https:\/\/www.europesays.com\/fr\/wp-json\/wp\/v2\/posts\/179402","targetHints":{"allow":["GET"]}}],"collection":[{"href":"https:\/\/www.europesays.com\/fr\/wp-json\/wp\/v2\/posts"}],"about":[{"href":"https:\/\/www.europesays.com\/fr\/wp-json\/wp\/v2\/types\/post"}],"author":[{"embeddable":true,"href":"https:\/\/www.europesays.com\/fr\/wp-json\/wp\/v2\/users\/2"}],"replies":[{"embeddable":true,"href":"https:\/\/www.europesays.com\/fr\/wp-json\/wp\/v2\/comments?post=179402"}],"version-history":[{"count":0,"href":"https:\/\/www.europesays.com\/fr\/wp-json\/wp\/v2\/posts\/179402\/revisions"}],"wp:featuredmedia":[{"embeddable":true,"href":"https:\/\/www.europesays.com\/fr\/wp-json\/wp\/v2\/media\/179403"}],"wp:attachment":[{"href":"https:\/\/www.europesays.com\/fr\/wp-json\/wp\/v2\/media?parent=179402"}],"wp:term":[{"taxonomy":"category","embeddable":true,"href":"https:\/\/www.europesays.com\/fr\/wp-json\/wp\/v2\/categories?post=179402"},{"taxonomy":"post_tag","embeddable":true,"href":"https:\/\/www.europesays.com\/fr\/wp-json\/wp\/v2\/tags?post=179402"}],"curies":[{"name":"wp","href":"https:\/\/api.w.org\/{rel}","templated":true}]}}