{"id":179416,"date":"2025-06-15T22:47:12","date_gmt":"2025-06-15T22:47:12","guid":{"rendered":"https:\/\/www.europesays.com\/fr\/179416\/"},"modified":"2025-06-15T22:47:12","modified_gmt":"2025-06-15T22:47:12","slug":"escrime-la-strasbourgeoise-sarah-noutcha-reine-deurope","status":"publish","type":"post","link":"https:\/\/www.europesays.com\/fr\/179416\/","title":{"rendered":"Escrime . La Strasbourgeoise Sarah Noutcha reine d\u2019Europe"},"content":{"rendered":"<p>Les larmes ont coul\u00e9 le long des joues de Sarah Noutcha durant toute la c\u00e9r\u00e9monie de remise des m\u00e9dailles, de son entr\u00e9e au Palais des sports de G\u00eanes jusqu\u2019\u00e0 la toute fin de la Marseillaise chant\u00e9e en son honneur. C\u2019est dire l\u2019\u00e9motion qui a \u00e9treint la Strasbourgeoise de 25 ans au moment de toucher sa toute premi\u00e8re m\u00e9daille d\u2019or individuelle dans une comp\u00e9tition internationale chez les seniors.<\/p>\n<p>\u00ab\u00a0\u00c7a s\u2019est bien goupill\u00e9, on va dire\u00a0!\u00a0\u00bb<\/p>\n<p>\u00ab\u00a0Ce matin, je ne m\u2019attendais pas forc\u00e9ment \u00e0 remporter un titre. Je voulais juste faire mon jeu et prendre du plaisir. Et \u00e7a s\u2019est bien goupill\u00e9, on va dire\u00a0!\u00a0\u00bb, souriait-elle enfin devant les journalistes. \u00ab\u00a0C\u2019\u00e9tait ma premi\u00e8re victoire. Je n\u2019avais jamais r\u00e9ussi \u00e0 aller au bout.\u00a0\u00bb<\/p>\n<p>La sabreuse du Strasbourg UC est pourtant du genre pr\u00e9coce, elle qui avait empoch\u00e9&#8230;<\/p>\n","protected":false},"excerpt":{"rendered":"Les larmes ont coul\u00e9 le long des joues de Sarah Noutcha durant toute la c\u00e9r\u00e9monie de remise des&hellip;\n","protected":false},"author":2,"featured_media":179417,"comment_status":"","ping_status":"","sticky":false,"template":"","format":"standard","meta":{"footnotes":""},"categories":[1586],"tags":[11,2389,2649,2880,1946,1777,674,107,1011,27,329,12,25,517,21508,640],"class_list":{"0":"post-179416","1":"post","2":"type-post","3":"status-publish","4":"format-standard","5":"has-post-thumbnail","7":"category-europe","8":"tag-actualites","9":"tag-alsace","10":"tag-bas-rhin","11":"tag-edition-strasbourg","12":"tag-escrime","13":"tag-eu","14":"tag-europe","15":"tag-fil-info","16":"tag-fr","17":"tag-france","18":"tag-france-monde","19":"tag-news","20":"tag-republique-francaise","21":"tag-sport","22":"tag-sports-de-combat","23":"tag-strasbourg"},"share_on_mastodon":{"url":"https:\/\/pubeurope.com\/@fr\/114689818215072009","error":""},"_links":{"self":[{"href":"https:\/\/www.europesays.com\/fr\/wp-json\/wp\/v2\/posts\/179416","targetHints":{"allow":["GET"]}}],"collection":[{"href":"https:\/\/www.europesays.com\/fr\/wp-json\/wp\/v2\/posts"}],"about":[{"href":"https:\/\/www.europesays.com\/fr\/wp-json\/wp\/v2\/types\/post"}],"author":[{"embeddable":true,"href":"https:\/\/www.europesays.com\/fr\/wp-json\/wp\/v2\/users\/2"}],"replies":[{"embeddable":true,"href":"https:\/\/www.europesays.com\/fr\/wp-json\/wp\/v2\/comments?post=179416"}],"version-history":[{"count":0,"href":"https:\/\/www.europesays.com\/fr\/wp-json\/wp\/v2\/posts\/179416\/revisions"}],"wp:featuredmedia":[{"embeddable":true,"href":"https:\/\/www.europesays.com\/fr\/wp-json\/wp\/v2\/media\/179417"}],"wp:attachment":[{"href":"https:\/\/www.europesays.com\/fr\/wp-json\/wp\/v2\/media?parent=179416"}],"wp:term":[{"taxonomy":"category","embeddable":true,"href":"https:\/\/www.europesays.com\/fr\/wp-json\/wp\/v2\/categories?post=179416"},{"taxonomy":"post_tag","embeddable":true,"href":"https:\/\/www.europesays.com\/fr\/wp-json\/wp\/v2\/tags?post=179416"}],"curies":[{"name":"wp","href":"https:\/\/api.w.org\/{rel}","templated":true}]}}