{"id":179428,"date":"2025-06-15T22:53:09","date_gmt":"2025-06-15T22:53:09","guid":{"rendered":"https:\/\/www.europesays.com\/fr\/179428\/"},"modified":"2025-06-15T22:53:09","modified_gmt":"2025-06-15T22:53:09","slug":"julie-henyo-rejoint-le-quimper-volley-29-quimper-volley","status":"publish","type":"post","link":"https:\/\/www.europesays.com\/fr\/179428\/","title":{"rendered":"Julie Henyo rejoint le Quimper Volley 29 &#8211; quimper &#8211; volley"},"content":{"rendered":"<p><strong>Le Quimper Volley 29 a officialis\u00e9 l\u2019arriv\u00e9e de Julie Henyo pour la saison 2025\/2026. La pointue fran\u00e7aise, \u00e2g\u00e9e de 23 ans, arrive en provenance des Burdis de Bordeaux, o\u00f9 elle \u00e9voluait depuis quatre saisons. Elle s\u2019y est affirm\u00e9e comme un \u00e9l\u00e9ment important de l\u2019effectif girondin, contribuant de mani\u00e8re d\u00e9cisive \u00e0 la mont\u00e9e du club en Saforelle Power Six lors de la saison 23\/24.\u00a0<\/strong><\/p>\n<p>  \t\t\t<img decoding=\"async\" typeof=\"foaf:Image\" src=\"https:\/\/www.europesays.com\/fr\/wp-content\/uploads\/2025\/06\/recrue_qv29.jpg\" alt=\"\"\/>  \t\t\t  \t\t\t<\/p>\n<p><strong>L\u00e9gende:<\/strong> Le Quimper Volley 29 tient sa premi\u00e8re recrue en soignant le poste de pointue, avec l&rsquo;arriv\u00e9e de Julie Henyo ( Bordeaux)<\/p>\n<p>Son arriv\u00e9e \u00e0 Quimper marque un tournant ambitieux pour le club breton, qui renforce ainsi son secteur offensif avec une joueuse dynamique. Avec sa connaissance du championnat, sa puissance en attaque et sa combativit\u00e9 sur le terrain, Julie Henyo s\u2019inscrit comme un renfort de poids pour les ambitions du QV29 en Elite.<\/p>\n<p><strong>SOURCE:<\/strong> Quimper Volley 29<\/p>\n","protected":false},"excerpt":{"rendered":"Le Quimper Volley 29 a officialis\u00e9 l\u2019arriv\u00e9e de Julie Henyo pour la saison 2025\/2026. La pointue fran\u00e7aise, \u00e2g\u00e9e&hellip;\n","protected":false},"author":2,"featured_media":179429,"comment_status":"","ping_status":"","sticky":false,"template":"","format":"standard","meta":{"footnotes":""},"categories":[1417],"tags":[1011,27,60,1470,1469],"class_list":{"0":"post-179428","1":"post","2":"type-post","3":"status-publish","4":"format-standard","5":"has-post-thumbnail","7":"category-volley","8":"tag-fr","9":"tag-france","10":"tag-sports","11":"tag-volley","12":"tag-volleyball"},"share_on_mastodon":{"url":"https:\/\/pubeurope.com\/@fr\/114689841867554436","error":""},"_links":{"self":[{"href":"https:\/\/www.europesays.com\/fr\/wp-json\/wp\/v2\/posts\/179428","targetHints":{"allow":["GET"]}}],"collection":[{"href":"https:\/\/www.europesays.com\/fr\/wp-json\/wp\/v2\/posts"}],"about":[{"href":"https:\/\/www.europesays.com\/fr\/wp-json\/wp\/v2\/types\/post"}],"author":[{"embeddable":true,"href":"https:\/\/www.europesays.com\/fr\/wp-json\/wp\/v2\/users\/2"}],"replies":[{"embeddable":true,"href":"https:\/\/www.europesays.com\/fr\/wp-json\/wp\/v2\/comments?post=179428"}],"version-history":[{"count":0,"href":"https:\/\/www.europesays.com\/fr\/wp-json\/wp\/v2\/posts\/179428\/revisions"}],"wp:featuredmedia":[{"embeddable":true,"href":"https:\/\/www.europesays.com\/fr\/wp-json\/wp\/v2\/media\/179429"}],"wp:attachment":[{"href":"https:\/\/www.europesays.com\/fr\/wp-json\/wp\/v2\/media?parent=179428"}],"wp:term":[{"taxonomy":"category","embeddable":true,"href":"https:\/\/www.europesays.com\/fr\/wp-json\/wp\/v2\/categories?post=179428"},{"taxonomy":"post_tag","embeddable":true,"href":"https:\/\/www.europesays.com\/fr\/wp-json\/wp\/v2\/tags?post=179428"}],"curies":[{"name":"wp","href":"https:\/\/api.w.org\/{rel}","templated":true}]}}