{"id":179436,"date":"2025-06-15T22:58:09","date_gmt":"2025-06-15T22:58:09","guid":{"rendered":"https:\/\/www.europesays.com\/fr\/179436\/"},"modified":"2025-06-15T22:58:09","modified_gmt":"2025-06-15T22:58:09","slug":"red-bull-porte-reclamation-contre-george-russell","status":"publish","type":"post","link":"https:\/\/www.europesays.com\/fr\/179436\/","title":{"rendered":"Red Bull porte r\u00e9clamation contre George Russell"},"content":{"rendered":"<p><a href=\"https:\/\/fr.motorsport.com\/driver\/george-russell\/96626\/\" target=\"_blank\" rel=\"noopener\">George Russell<\/a> pourrait-il perdre sa victoire \u00e0 Montr\u00e9al ? <a href=\"https:\/\/fr.motorsport.com\/team\/red-bull\/553\/\" target=\"_blank\" rel=\"noopener\">Red Bull<\/a> a en tout cas demand\u00e9 aux commissaires de course de se pencher sur le d\u00e9roulement des \u00e9v\u00e9nements. Les commissaires de course ont donc convoqu\u00e9 Russell et Verstappen pour s&rsquo;expliquer, sans pr\u00e9ciser quels incidents seraient analys\u00e9s, mais Christian Horner a donn\u00e9 de plus amples d\u00e9tails.<\/p>\n<p>Lors de l&rsquo;intervention de la voiture de s\u00e9curit\u00e9 en fin d&rsquo;\u00e9preuve, apr\u00e8s l&rsquo;abandon de <a href=\"https:\/\/fr.motorsport.com\/driver\/lando-norris\/289708\/\" target=\"_blank\" rel=\"noopener\">Lando Norris<\/a>, Verstappen a critiqu\u00e9 le pilotage de Russell par radio, estimant qu&rsquo;il ralentissait de fa\u00e7on trop abrupte. L&rsquo;\u00e9pisode n&rsquo;a pas \u00e9t\u00e9 \u00e9voqu\u00e9 lors des interviews apr\u00e8s l&rsquo;arriv\u00e9e, mais est le premier pour lequel Red Bull demande cette enqu\u00eate. Horner a aussi \u00e9voqu\u00e9 un doute sur la distance laiss\u00e9e derri\u00e8re la voiture de s\u00e9curit\u00e9.<\/p>\n<p>\u00ab\u00a0D&rsquo;abord, [la r\u00e9clamation concerne le] pilotage derri\u00e8re la voiture de s\u00e9curit\u00e9, George a frein\u00e9 tr\u00e8s fort\u00a0\u00bb, a expliqu\u00e9 le patron de Red Bull. \u00ab\u00a0La deuxi\u00e8me concerne tr\u00e8s clairement la distance laiss\u00e9e derri\u00e8re la voiture de s\u00e9curit\u00e9. Nous avons d\u00e9pos\u00e9 une r\u00e9clamation et c&rsquo;est entre les mains des commissaires maintenant.\u00a0\u00bb<\/p>\n<p>Faut-il y voir un nouvel \u00e9pisode de l&rsquo;opposition entre Russell et Verstappen, deux semaines apr\u00e8s leur accrochage \u00e0 Barcelone, qui a valu une p\u00e9nalit\u00e9 au N\u00e9erlandais ? Samedi, Russell a <a href=\"https:\/\/fr.motorsport.com\/f1\/news\/russell-verstappen-points-permis-jouer-canada\/10732862\/\" target=\"_blank\" rel=\"noopener\">jou\u00e9 la carte de la provocation<\/a> en faisant r\u00e9f\u00e9rence aux points de p\u00e9nalit\u00e9 sur le permis de Verstappen, mais apr\u00e8s l&rsquo;arriv\u00e9e, ils ont \u00e9chang\u00e9 quelques mots dans la cool room avant de monter sur le podium. Horner a d\u00e9menti une volont\u00e9 de viser directement Russell.<\/p>\n<p>\u00ab\u00a0Il n&rsquo;y a certainement rien de personnel contre George. Nous avons d\u00e9pos\u00e9 une r\u00e9clamation parce que les r\u00e8glements sont tr\u00e8s clairs sur la voiture de s\u00e9curit\u00e9. Il \u00e9tait in\u00e9vitable qu&rsquo;il y ait certains jeux. Nous en avons parl\u00e9 avec le directeur de course, donc ils \u00e9taient \u00e9galement attentifs.\u00a0\u00bb<\/p>\n<p>Le bureau des commissaires est tr\u00e8s occup\u00e9 apr\u00e8s cette course puisqu&rsquo;une enqu\u00eate a \u00e9galement \u00e9t\u00e9 lanc\u00e9e sur le contact entre Lando Norris et <a href=\"https:\/\/fr.motorsport.com\/driver\/oscar-piastri\/835356\/\" target=\"_blank\" rel=\"noopener\">Oscar Piastri<\/a>. Par ailleurs, <a href=\"https:\/\/fr.motorsport.com\/driver\/kimi-antonelli\/947765\/\" target=\"_blank\" rel=\"noopener\">Kimi Antonelli<\/a>, Oscar Piastri, <a href=\"https:\/\/fr.motorsport.com\/driver\/esteban-ocon\/95096\/\" target=\"_blank\" rel=\"noopener\">Esteban Ocon<\/a>, <a href=\"https:\/\/fr.motorsport.com\/driver\/charles-leclerc\/109632\/\" target=\"_blank\" rel=\"noopener\">Charles Leclerc<\/a>, <a href=\"https:\/\/fr.motorsport.com\/driver\/carlos-sainz-jr\/91450\/\" target=\"_blank\" rel=\"noopener\">Carlos Sainz<\/a>, <a href=\"https:\/\/fr.motorsport.com\/driver\/pierre-gasly\/95098\/\" target=\"_blank\" rel=\"noopener\">Pierre Gasly<\/a> et <a href=\"https:\/\/fr.motorsport.com\/driver\/lance-stroll\/96414\/\" target=\"_blank\" rel=\"noopener\">Lance Stroll<\/a> sont sous enqu\u00eate pour une potentielle infraction sous r\u00e9gime de voiture de s\u00e9curit\u00e9, \u00e0 la suite de cet accrochage.<\/p>\n<p style=\"text-align: right;\">Avec Mark Mann-Bryans et Oleg Karpov<\/p>\n<p>Lire aussi :<\/p>\n<p>Dans cet article<\/p>\n<p>    Vincent Lalanne-Sicaud\n<\/p>\n<p>    Formule 1\n<\/p>\n<p>    Max Verstappen\n<\/p>\n<p>    George Russell\n<\/p>\n<p>    Red Bull\n<\/p>\n<p>    Mercedes\n<\/p>\n<p>Soyez le premier inform\u00e9 et souscrivez aux alertes mails pour recevoir les infos en temps r\u00e9el<\/p>\n<p>    S&rsquo;abonner aux alertes de news<\/p>\n","protected":false},"excerpt":{"rendered":"George Russell pourrait-il perdre sa victoire \u00e0 Montr\u00e9al ? Red Bull a en tout cas demand\u00e9 aux commissaires&hellip;\n","protected":false},"author":2,"featured_media":179437,"comment_status":"","ping_status":"","sticky":false,"template":"","format":"standard","meta":{"footnotes":""},"categories":[1412],"tags":[30180,1451,1452,1453,1454,1455,1011,27,9124,30179,2236,4320,2255,60],"class_list":{"0":"post-179436","1":"post","2":"type-post","3":"status-publish","4":"format-standard","5":"has-post-thumbnail","7":"category-f1","8":"tag-circuit-gilles-villeneuve","9":"tag-f1","10":"tag-formula-1","11":"tag-formula1","12":"tag-formule-1","13":"tag-formule1","14":"tag-fr","15":"tag-france","16":"tag-george-russell","17":"tag-gp-du-canada","18":"tag-max-verstappen","19":"tag-mercedes","20":"tag-red-bull","21":"tag-sports"},"share_on_mastodon":{"url":"https:\/\/pubeurope.com\/@fr\/114689861508457126","error":""},"_links":{"self":[{"href":"https:\/\/www.europesays.com\/fr\/wp-json\/wp\/v2\/posts\/179436","targetHints":{"allow":["GET"]}}],"collection":[{"href":"https:\/\/www.europesays.com\/fr\/wp-json\/wp\/v2\/posts"}],"about":[{"href":"https:\/\/www.europesays.com\/fr\/wp-json\/wp\/v2\/types\/post"}],"author":[{"embeddable":true,"href":"https:\/\/www.europesays.com\/fr\/wp-json\/wp\/v2\/users\/2"}],"replies":[{"embeddable":true,"href":"https:\/\/www.europesays.com\/fr\/wp-json\/wp\/v2\/comments?post=179436"}],"version-history":[{"count":0,"href":"https:\/\/www.europesays.com\/fr\/wp-json\/wp\/v2\/posts\/179436\/revisions"}],"wp:featuredmedia":[{"embeddable":true,"href":"https:\/\/www.europesays.com\/fr\/wp-json\/wp\/v2\/media\/179437"}],"wp:attachment":[{"href":"https:\/\/www.europesays.com\/fr\/wp-json\/wp\/v2\/media?parent=179436"}],"wp:term":[{"taxonomy":"category","embeddable":true,"href":"https:\/\/www.europesays.com\/fr\/wp-json\/wp\/v2\/categories?post=179436"},{"taxonomy":"post_tag","embeddable":true,"href":"https:\/\/www.europesays.com\/fr\/wp-json\/wp\/v2\/tags?post=179436"}],"curies":[{"name":"wp","href":"https:\/\/api.w.org\/{rel}","templated":true}]}}