{"id":179438,"date":"2025-06-15T22:59:08","date_gmt":"2025-06-15T22:59:08","guid":{"rendered":"https:\/\/www.europesays.com\/fr\/179438\/"},"modified":"2025-06-15T22:59:08","modified_gmt":"2025-06-15T22:59:08","slug":"cyclisme-le-bon-dimanche-des-coureurs-de-la-manche","status":"publish","type":"post","link":"https:\/\/www.europesays.com\/fr\/179438\/","title":{"rendered":"Cyclisme. Le bon dimanche des coureurs de la Manche"},"content":{"rendered":"<p>            Par<br \/>\n        <strong><br \/>\n            <a href=\"https:\/\/actu.fr\/auteur\/a-gotthold\" title=\"Consulter tous les articles de Alexis Gotthold\" rel=\"nofollow noopener\" target=\"_blank\">Alexis Gotthold<\/a><br \/>\n        <\/strong><\/p>\n<p>        Publi\u00e9 le<\/p>\n<p>            15 juin 2025 \u00e0 19h14        <\/p>\n<p>Les <b>cyclistes manchois<\/b>, ou <b>licenci\u00e9s dans des clubs <\/b>du d\u00e9partement, ont r\u00e9alis\u00e9<b> de tr\u00e8s belles performances<\/b>, ce <b>dimanche 15\u00a0juin 2025<\/b>.<\/p>\n<p>Tino Simonet champion de Normandie Open 2<\/p>\n<p class=\" wall-content\">L\u2019un d\u2019entre eux est devenu <b>champion de Normandie<\/b>, en Open 2, \u00e0 Luneray.<\/p>\n<p class=\" wall-content\">Licenci\u00e9 \u00e0 l\u2019<a href=\"https:\/\/www.facebook.com\/p\/ES-Torigni-Division-Nationale-100057268997226\/?locale=fr_FR\" rel=\"nofollow noopener\" target=\"_blank\">ES Torigni<\/a>, Tino Simonet, originaire <a href=\"https:\/\/actu.fr\/normandie\/le-vast_50619\" rel=\"nofollow noopener\" target=\"_blank\">du Vast<\/a> (Manche), a r\u00e9gl\u00e9 un petit groupe de trois coureurs <b>au sprint<\/b>, devan\u00e7ant notamment <a href=\"https:\/\/actu.fr\/normandie\/cherbourg-en-cotentin_50129\/cyclisme-a-47-ans-frederic-lecrosnier-decroche-sa-146e-victoire-ce-n-est-pas-normal-que-je-gagne-a-mon-age_51338504.html\" rel=\"nofollow noopener\" target=\"_blank\">Fr\u00e9d\u00e9ric Lecrosnier<\/a>, de l\u2019AC Cherbourg Cotentin, repris tout pr\u00e8s <b>de l\u2019arriv\u00e9e<\/b> et finalement 3e.<\/p>\n<p class=\" wall-content\">Autre victoire d\u2019envergure\u2009: celle d\u2019Alexis Robert lors du <b>Tour de l\u2019Eure-et-Loir<\/b>, une course \u00c9lite nationale\u2009: le sprinteur du <a href=\"https:\/\/actu.fr\/tag\/team-bricquebec-cotentin\" rel=\"nofollow noopener\" target=\"_blank\">Team Bricquebec Cotentin<\/a> s\u2019est impos\u00e9 lors de la 3e et derni\u00e8re \u00e9tape de l\u2019\u00e9preuve.<\/p>\n<p>La belle 2e place de Guillaume Adam<\/p>\n<p class=\" wall-content\"><a href=\"https:\/\/actu.fr\/normandie\/port-bail-sur-mer_50412\/video-cyclisme-alexis-robert-du-team-bricquebec-cotentin-remporte-la-20e-edition-de-la-gainsbarre_62503799.html\" rel=\"nofollow noopener\" target=\"_blank\">D\u00e9j\u00e0 vainqueur de la Gainsbarre<\/a>, d\u2019une \u00e9tape du <b>Tour de Loire-Atlantique<\/b> et d\u2019une autre des <b>Boucles de Charente-Maritime<\/b> depuis son arriv\u00e9e au TBC, le coureur de 23\u00a0ans est, \u00e0 l\u2019image de son \u00e9quipe, dans <b>une forme \u00e9poustouflante<\/b>.<\/p>\n<p class=\" wall-content\">\u00c0 noter aussi la tr\u00e8s belle 2e place de Guillaume Adam lors du contre-la-montre de la Route vend\u00e9enne, \u00e9galement une \u00c9lite nationale. Le Brion du VC Rouen, <a href=\"https:\/\/actu.fr\/sports\/cyclisme-guillaume-adam-champion-de-normandie-du-contre-la-montre_62744705.html\" rel=\"nofollow noopener\" target=\"_blank\">tout frais champion de Normandie de la sp\u00e9cialit\u00e9<\/a>, termine \u00e9galement 2e du <b>g\u00e9n\u00e9ral final<\/b>.<\/p>\n<p class=\" wall-content\">\u00c0 noter \u00e9galement la 3e place <a href=\"https:\/\/actu.fr\/sports\/cyclisme\/lincroyable-odyssee-des-britanniques-du-team-bricquebec-cotentin_62504216.html\" rel=\"nofollow noopener\" target=\"_blank\">du Britannique Jack Crook<\/a>, du Team Bricquebec Cotentin, dans la 3e et derni\u00e8re \u00e9tape de l\u2019\u00e9preuve.<\/p>\n<p class=\" wall-content\">Suivez toute l\u2019actualit\u00e9 de vos villes et m\u00e9dias favoris en vous inscrivant \u00e0 <a href=\"https:\/\/moncompte.actu.fr\" title=\"D\u00e9couvez Mon Actu\" rel=\"nofollow noopener\" data-trk=\"{&quot;cta&quot;:{&quot;action&quot;:&quot;https:\\\/\\\/moncompte.actu.fr&quot;,&quot;category&quot;:&quot;mon compte&quot;,&quot;from&quot;:&quot;article footer&quot;,&quot;name&quot;:&quot;Mon actu&quot;,&quot;type&quot;:&quot;cta&quot;}}\" target=\"_blank\">Mon Actu<\/a>.<\/p>\n<ul class=\"ac-article-tag wall-content\">\n<li><a href=\"https:\/\/actu.fr\/tag\/team-bricquebec-cotentin\" data-trk=\"{&quot;cta&quot;:{&quot;action&quot;:&quot;Team Bricquebec Cotentin&quot;,&quot;category&quot;:&quot;tag&quot;,&quot;from&quot;:&quot;article footer&quot;,&quot;name&quot;:&quot;Team Bricquebec Cotentin&quot;,&quot;type&quot;:&quot;cta&quot;}}\" rel=\"nofollow noopener\" target=\"_blank\">#Team Bricquebec Cotentin<\/a><\/li>\n<\/ul>\n","protected":false},"excerpt":{"rendered":"Par Alexis Gotthold Publi\u00e9 le 15 juin 2025 \u00e0 19h14 Les cyclistes manchois, ou licenci\u00e9s dans des clubs&hellip;\n","protected":false},"author":2,"featured_media":179439,"comment_status":"","ping_status":"","sticky":false,"template":"","format":"standard","meta":{"footnotes":""},"categories":[1411],"tags":[1154,207,1011,27,60,31633],"class_list":{"0":"post-179438","1":"post","2":"type-post","3":"status-publish","4":"format-standard","5":"has-post-thumbnail","7":"category-cyclisme","8":"tag-cycling","9":"tag-cyclisme","10":"tag-fr","11":"tag-france","12":"tag-sports","13":"tag-team-bricquebec-cotentin"},"share_on_mastodon":{"url":"https:\/\/pubeurope.com\/@fr\/114689865439003240","error":""},"_links":{"self":[{"href":"https:\/\/www.europesays.com\/fr\/wp-json\/wp\/v2\/posts\/179438","targetHints":{"allow":["GET"]}}],"collection":[{"href":"https:\/\/www.europesays.com\/fr\/wp-json\/wp\/v2\/posts"}],"about":[{"href":"https:\/\/www.europesays.com\/fr\/wp-json\/wp\/v2\/types\/post"}],"author":[{"embeddable":true,"href":"https:\/\/www.europesays.com\/fr\/wp-json\/wp\/v2\/users\/2"}],"replies":[{"embeddable":true,"href":"https:\/\/www.europesays.com\/fr\/wp-json\/wp\/v2\/comments?post=179438"}],"version-history":[{"count":0,"href":"https:\/\/www.europesays.com\/fr\/wp-json\/wp\/v2\/posts\/179438\/revisions"}],"wp:featuredmedia":[{"embeddable":true,"href":"https:\/\/www.europesays.com\/fr\/wp-json\/wp\/v2\/media\/179439"}],"wp:attachment":[{"href":"https:\/\/www.europesays.com\/fr\/wp-json\/wp\/v2\/media?parent=179438"}],"wp:term":[{"taxonomy":"category","embeddable":true,"href":"https:\/\/www.europesays.com\/fr\/wp-json\/wp\/v2\/categories?post=179438"},{"taxonomy":"post_tag","embeddable":true,"href":"https:\/\/www.europesays.com\/fr\/wp-json\/wp\/v2\/tags?post=179438"}],"curies":[{"name":"wp","href":"https:\/\/api.w.org\/{rel}","templated":true}]}}