{"id":17945,"date":"2025-04-11T18:20:09","date_gmt":"2025-04-11T18:20:09","guid":{"rendered":"https:\/\/www.europesays.com\/fr\/17945\/"},"modified":"2025-04-11T18:20:09","modified_gmt":"2025-04-11T18:20:09","slug":"bataille-pour-pokrovsk-larmee-ukrainienne-affirme-avoir-repousse-les-soldats-russes","status":"publish","type":"post","link":"https:\/\/www.europesays.com\/fr\/17945\/","title":{"rendered":"Bataille pour Pokrovsk : l&rsquo;arm\u00e9e ukrainienne affirme avoir repouss\u00e9 les soldats russes"},"content":{"rendered":"<p><img decoding=\"async\" class=\"c-ad__placeholder__logo\" src=\"https:\/\/www.europesays.com\/fr\/wp-content\/uploads\/2025\/03\/logo-euronews-grey-6-180x22.svg.svg+xml\" width=\"180\" height=\"22\" alt=\"\" loading=\"lazy\"\/>PUBLICIT\u00c9<\/p>\n<p>Les troupes ukrainiennes de la r\u00e9gion orientale de Donetsk font \u00e9tat de progr\u00e8s dans la lutte pour repousser les forces russes pr\u00e8s de la ville strat\u00e9gique de Pokrovsk.<\/p>\n<p>La bataille pour la ville, un centre logistique cl\u00e9 dans la r\u00e9gion de Donbas, est en cours depuis plus de neuf mois.<\/p>\n<p><img decoding=\"async\" src=\"https:\/\/www.europesays.com\/fr\/wp-content\/uploads\/2025\/03\/icon-cross-10x10-grey-6.svg.svg+xml\" width=\"10\" height=\"10\" alt=\"Close advertising\" fetchpriority=\"high\" loading=\"lazy\"\/><\/p>\n<p>Azhur, un commandant de bataillon de la 117e brigade ukrainienne, a d\u00e9clar\u00e9 : \u00ab\u00a0Les retenons-nous ? Oui, nous les retenons. Les poussons-nous ? Nous les poussons. Avan\u00e7ons-nous ? Nous avan\u00e7ons\u00a0\u00bb.<\/p>\n<p>\u00ab\u00a0Nous ne reculons pas maintenant. En ce moment, nous avons le vent en poupe\u00a0\u00bb.<\/p>\n<p>Pokrovsk, situ\u00e9e au nord-ouest de la ville de Donetsk, est devenue un point central dans les efforts d\u00e9ploy\u00e9s par l&rsquo;Ukraine pour ralentir l&rsquo;avanc\u00e9e russe et maintenir le contr\u00f4le sur les voies d&rsquo;approvisionnement vitales.<\/p>\n<p>Les \u00e9vacuations des zones de la ligne de front se poursuivent<\/p>\n<p>Fin mars, une \u00e9vacuation obligatoire des familles avec enfants a \u00e9t\u00e9 annonc\u00e9e dans le village de Bilytske, situ\u00e9 sur la ligne de front, et dans ses environs, dans la r\u00e9gion de Donetsk.<\/p>\n<p>Selon la police locale, des officiers et des repr\u00e9sentants de l&rsquo;administration militaire se sont entretenus avec les parents, les exhortant \u00e0 \u00e9vacuer.<\/p>\n<p>Dans les cas o\u00f9 les familles refusent de partir, les autorit\u00e9s ukrainiennes ont le droit l\u00e9gal de retirer temporairement les enfants \u00e0 leur famille.<\/p>\n<p>Selon Valerii Shakhrai, inspecteur du d\u00e9partement de pr\u00e9vention de la d\u00e9linquance juv\u00e9nile, cette mesure est un dernier recours rarement utilis\u00e9.<\/p>\n<p>\u00ab\u00a0Les autorit\u00e9s ont le pouvoir de retirer temporairement les enfants des familles qui refusent l&rsquo;\u00e9vacuation forc\u00e9e, sans les priver de leurs droits parentaux\u00a0\u00bb, explique-t-il.<\/p>\n<p>\u00ab\u00a0Les familles d&rsquo;accueil. Les parents peuvent alors quitter la zone dangereuse et venir chercher l&rsquo;enfant, mais nous y avons tr\u00e8s rarement recours.\u00a0\u00bb<\/p>\n<p>Ailleurs dans le pays, l&rsquo;arm\u00e9e de l&rsquo;air ukrainienne a fait \u00e9tat d&rsquo;une vague d&rsquo;attaques de drones russes dans la nuit de jeudi \u00e0 vendredi.<\/p>\n<p>Au total, 39 drones ont \u00e9t\u00e9 lanc\u00e9s et les unit\u00e9s de d\u00e9fense a\u00e9rienne ont r\u00e9ussi \u00e0 en abattre 24. Les drones ont cibl\u00e9 plusieurs r\u00e9gions, dont Dnipro, Donetsk et Jytomyr\u00a0\u00bb, a d\u00e9clar\u00e9 Valerii Shakhrai.<\/p>\n<p>Dans le m\u00eame temps, le minist\u00e8re russe de la D\u00e9fense a affirm\u00e9 jeudi 10 avril, lors d&rsquo;un briefing quotidien, avoir pris le contr\u00f4le du village de Jouravka dans la r\u00e9gion de Sumy, au nord de l&rsquo;Ukraine.<\/p>\n<p>Video editor<strong> \u2022 Lucy Davalou<\/strong><\/p>\n","protected":false},"excerpt":{"rendered":"PUBLICIT\u00c9 Les troupes ukrainiennes de la r\u00e9gion orientale de Donetsk font \u00e9tat de progr\u00e8s dans la lutte pour&hellip;\n","protected":false},"author":2,"featured_media":17946,"comment_status":"","ping_status":"","sticky":false,"template":"","format":"standard","meta":{"footnotes":""},"categories":[1590],"tags":[11,7201,1777,674,5220,131,12,220],"class_list":{"0":"post-17945","1":"post","2":"type-post","3":"status-publish","4":"format-standard","5":"has-post-thumbnail","7":"category-ukraine","8":"tag-actualites","9":"tag-donbass-ukraine","10":"tag-eu","11":"tag-europe","12":"tag-evacuation","13":"tag-guerre-en-ukraine","14":"tag-news","15":"tag-ukraine"},"share_on_mastodon":{"url":"https:\/\/pubeurope.com\/@fr\/114320718156163656","error":""},"_links":{"self":[{"href":"https:\/\/www.europesays.com\/fr\/wp-json\/wp\/v2\/posts\/17945","targetHints":{"allow":["GET"]}}],"collection":[{"href":"https:\/\/www.europesays.com\/fr\/wp-json\/wp\/v2\/posts"}],"about":[{"href":"https:\/\/www.europesays.com\/fr\/wp-json\/wp\/v2\/types\/post"}],"author":[{"embeddable":true,"href":"https:\/\/www.europesays.com\/fr\/wp-json\/wp\/v2\/users\/2"}],"replies":[{"embeddable":true,"href":"https:\/\/www.europesays.com\/fr\/wp-json\/wp\/v2\/comments?post=17945"}],"version-history":[{"count":0,"href":"https:\/\/www.europesays.com\/fr\/wp-json\/wp\/v2\/posts\/17945\/revisions"}],"wp:featuredmedia":[{"embeddable":true,"href":"https:\/\/www.europesays.com\/fr\/wp-json\/wp\/v2\/media\/17946"}],"wp:attachment":[{"href":"https:\/\/www.europesays.com\/fr\/wp-json\/wp\/v2\/media?parent=17945"}],"wp:term":[{"taxonomy":"category","embeddable":true,"href":"https:\/\/www.europesays.com\/fr\/wp-json\/wp\/v2\/categories?post=17945"},{"taxonomy":"post_tag","embeddable":true,"href":"https:\/\/www.europesays.com\/fr\/wp-json\/wp\/v2\/tags?post=17945"}],"curies":[{"name":"wp","href":"https:\/\/api.w.org\/{rel}","templated":true}]}}