{"id":179450,"date":"2025-06-15T23:05:12","date_gmt":"2025-06-15T23:05:12","guid":{"rendered":"https:\/\/www.europesays.com\/fr\/179450\/"},"modified":"2025-06-15T23:05:12","modified_gmt":"2025-06-15T23:05:12","slug":"appelle-moi-johnny-laura-smet-et-pascal-obispo-rendent-hommage-a-johnny-hallyday-avec-un-nouveau-clip","status":"publish","type":"post","link":"https:\/\/www.europesays.com\/fr\/179450\/","title":{"rendered":"\u00ab\u00a0Appelle-moi Johnny\u00a0\u00bb : Laura Smet et Pascal Obispo rendent hommage \u00e0 Johnny Hallyday avec un nouveau clip"},"content":{"rendered":"<p><b>Une atmosph\u00e8re ranch<\/b><\/p>\n<p class=\"ap-StoryElement ap-StoryElement--mb ap-StoryText\">Dans ce clip, Laura Smet tient le r\u00f4le principal. On la d\u00e9couvre dans une atmosph\u00e8re ranch, v\u00eatue d&rsquo;une chemise \u00e0 carreaux, chapeau de cowboy sur la t\u00eate, chevauchant un cheval blanc. \u00ab\u00a0C&rsquo;est la premi\u00e8re fois que je rends hommage \u00e0 mon p\u00e8re. Cette chanson est comme une conversation entre deux amis. J&rsquo;ai reconnu les sons, cette atmosph\u00e8re famili\u00e8re qui m&rsquo;a beaucoup touch\u00e9e. J&rsquo;esp\u00e8re que ce clip vous plaira autant qu&rsquo;\u00e0 nous. On l&rsquo;a fait aussi pour vous, on s&rsquo;est amus\u00e9s et pass\u00e9 une journ\u00e9e merveilleuse que je n&rsquo;oublierai jamais. Merci \u00e0 toute l&rsquo;\u00e9quipe\u00a0\u00bb, a-t-elle confi\u00e9 \u00e0 son tour sur Instagram, o\u00f9 elle a \u00e9galement partag\u00e9 une photo de Johnny plus jeune, lui aussi \u00e0 cheval.<\/p>\n<p class=\"ap-StoryElement ap-StoryElement--mb ap-StoryText\">Les r\u00e9actions des fans n&rsquo;ont pas tard\u00e9 : \u00ab\u00a0Tr\u00e8s belle chanson, je pense qu&rsquo;il aurait aim\u00e9 Johnny. Quelle ressemblance avec votre papa\u2026 Bravo !\u00a0\u00bb, ou encore \u00ab\u00a0Le clip et la chanson sont merveilleux \u2764\ufe0f Cette atmosph\u00e8re nous replonge totalement dans, comme vous dites, quelque chose de familier.\u00a0\u00bb<\/p>\n","protected":false},"excerpt":{"rendered":"Une atmosph\u00e8re ranch Dans ce clip, Laura Smet tient le r\u00f4le principal. On la d\u00e9couvre dans une atmosph\u00e8re&hellip;\n","protected":false},"author":2,"featured_media":179451,"comment_status":"","ping_status":"","sticky":false,"template":"","format":"standard","meta":{"footnotes":""},"categories":[1355],"tags":[58,59,1011,27,1304,1361,873],"class_list":{"0":"post-179450","1":"post","2":"type-post","3":"status-publish","4":"format-standard","5":"has-post-thumbnail","7":"category-musique","8":"tag-divertissement","9":"tag-entertainment","10":"tag-fr","11":"tag-france","12":"tag-johnny-hallyday","13":"tag-music","14":"tag-musique"},"share_on_mastodon":{"url":"https:\/\/pubeurope.com\/@fr\/114689889056590464","error":""},"_links":{"self":[{"href":"https:\/\/www.europesays.com\/fr\/wp-json\/wp\/v2\/posts\/179450","targetHints":{"allow":["GET"]}}],"collection":[{"href":"https:\/\/www.europesays.com\/fr\/wp-json\/wp\/v2\/posts"}],"about":[{"href":"https:\/\/www.europesays.com\/fr\/wp-json\/wp\/v2\/types\/post"}],"author":[{"embeddable":true,"href":"https:\/\/www.europesays.com\/fr\/wp-json\/wp\/v2\/users\/2"}],"replies":[{"embeddable":true,"href":"https:\/\/www.europesays.com\/fr\/wp-json\/wp\/v2\/comments?post=179450"}],"version-history":[{"count":0,"href":"https:\/\/www.europesays.com\/fr\/wp-json\/wp\/v2\/posts\/179450\/revisions"}],"wp:featuredmedia":[{"embeddable":true,"href":"https:\/\/www.europesays.com\/fr\/wp-json\/wp\/v2\/media\/179451"}],"wp:attachment":[{"href":"https:\/\/www.europesays.com\/fr\/wp-json\/wp\/v2\/media?parent=179450"}],"wp:term":[{"taxonomy":"category","embeddable":true,"href":"https:\/\/www.europesays.com\/fr\/wp-json\/wp\/v2\/categories?post=179450"},{"taxonomy":"post_tag","embeddable":true,"href":"https:\/\/www.europesays.com\/fr\/wp-json\/wp\/v2\/tags?post=179450"}],"curies":[{"name":"wp","href":"https:\/\/api.w.org\/{rel}","templated":true}]}}