{"id":179459,"date":"2025-06-15T23:11:12","date_gmt":"2025-06-15T23:11:12","guid":{"rendered":"https:\/\/www.europesays.com\/fr\/179459\/"},"modified":"2025-06-15T23:11:12","modified_gmt":"2025-06-15T23:11:12","slug":"les-victimes-de-la-mode-des-coupables-trop-faciles","status":"publish","type":"post","link":"https:\/\/www.europesays.com\/fr\/179459\/","title":{"rendered":"\u00abLes victimes de la mode, des coupables trop faciles\u00bb"},"content":{"rendered":"<p><strong>CHRONIQUE &#8211;<\/strong> Pour \u00e9viter un d\u00e9bat sur l\u2019arbitrage entre pouvoir d\u2019achat et emploi, les parlementaires ont plac\u00e9 leur loi fast-fashion sous la banni\u00e8re \u00e9cologique.<\/p>\n<p class=\"fig-paragraph\">Selon l\u2019Ademe, dans ces conditions, 600.000\u00a0tonnes de v\u00eatements sont jet\u00e9es chaque ann\u00e9e en France, alors que la fili\u00e8re textile repr\u00e9sente d\u00e9j\u00e0 8\u00a0% des \u00e9missions de gaz \u00e0 effet de serre mondialesCes derniers jours, les politiques se sont passionn\u00e9s pour\u00a0<a href=\"http:\/\/www.lefigaro.fr\/conso\/loi-anti-ultra-fast-fashion-les-coulisses-de-l-intense-lobbying-de-shein-20250601\" data-fig-type=\"Article\" data-gtm-custom-categorie=\"navigation\" data-gtm-custom-action=\"crossclick\" data-gtm-custom-label=\"Contextuel\" data-gtm-event=\"customEventSPE\" data-fig-domain=\"LEFIGARO\" target=\"_blank\" rel=\"noopener\">la loi contre l\u2019ultra-fast fashion\u00a0\u00bb<\/a>, ou de son nom officiel la proposition de loi visant \u00e0 r\u00e9duire l\u2019impact environnemental de l\u2019industrie textile. Le texte ambitionne de restreindre les ventes des plateformes \u00e0 bas prix chinoises. Ces groupes, au premier rang desquels Shein ou\u00a0<a href=\"http:\/\/www.lefigaro.fr\/societes\/des-federations-francaises-du-commerce-demandent-le-dereferencement-de-shein-temu-aliexpress-20250603\" data-fig-type=\"NewsFlash\" data-gtm-custom-categorie=\"navigation\" data-gtm-custom-action=\"crossclick\" data-gtm-custom-label=\"Contextuel\" data-gtm-event=\"customEventSPE\" data-fig-domain=\"LEFIGARO\" target=\"_blank\" rel=\"noopener\">Temu<\/a>, inondent le march\u00e9 fran\u00e7ais de produits tr\u00e8s peu chers et de pi\u00e8tre qualit\u00e9\u00a0: robes \u00e0 12\u00a0euros, chemises \u00e0 9\u00a0euros\u2026 Ces v\u00eatements sont accus\u00e9s de d\u00e9truire le peu qu\u2019il reste d\u2019industrie textile dans le pays, les commerces des centres-villes (dont la fr\u00e9quentation a baiss\u00e9 de 19\u00a0% entre 2019 et 2023), mais aussi, en incitant \u00e0 la surconsommation, la plan\u00e8te.<\/p>\n<p class=\"fig-paragraph\">Les plaintes des commer\u00e7ants face aux mastodontes chinois s\u2019inscrivent dans le drame ancestral\u2026<\/p>\n<p class=\"fig-premium-paywall__infos\">\n        Cet article est r\u00e9serv\u00e9 aux abonn\u00e9s.        Il vous reste 80% \u00e0 d\u00e9couvrir.\n    <\/p>\n<p>                <img  data- alt=\"Le Figaro\" class=\"fig-img--complete fig-img\"\/><\/p>\n<p class=\"fig-premium-paywall__title\">Vente Flash<\/p>\n<p class=\"fig-premium-paywall__subtitle\">3,99\u20ac par mois pendant 12 mois. Sans engagement.<\/p>\n<p class=\"fig-premium-paywall__connect\">\n                D\u00e9j\u00e0 abonn\u00e9\u00a0?                <a class=\"fig-premium-paywall__connect-link\" href=\"https:\/\/connect.lefigaro.fr\/login?client=horizon_web&amp;type=main&amp;redirect_uri=https%3A%2F%2Fwww.lefigaro.fr%2Fconjoncture%2Fanne-de-guigne-les-victimes-de-la-mode-des-coupables-trop-faciles-20250615\" data-js-gtm=\"{&quot;customCategorie&quot;: &quot;conversion&quot;, &quot;customAction&quot;: &quot;before_Landing_Connexion_paywall_auto&quot;, &quot;customLabel&quot;: &quot;bGVmaWdhcm8uZnJfXzFmMDQ2YWQ5LTQzOWQtNjMzMi05MDg5LWIzZDA5YTY3NzFmMl9fQXJ0aWNsZQ==_Anne de\u00a0Guign\u00e9: \u00abLes victimes de la mode, des coupables trop faciles\u00bb_90&quot;, &quot;customIDSPE&quot;: &quot;bGVmaWdhcm8uZnJfXzFmMDQ2YWQ5LTQzOWQtNjMzMi05MDg5LWIzZDA5YTY3NzFmMl9fQXJ0aWNsZQ==&quot;, &quot;event&quot;: &quot;customEventSPE&quot;}\" target=\"_blank\" rel=\"noopener\"><br \/>\n                    Connectez-vous<br \/>\n                <\/a>\n            <\/p>\n","protected":false},"excerpt":{"rendered":"CHRONIQUE &#8211; Pour \u00e9viter un d\u00e9bat sur l\u2019arbitrage entre pouvoir d\u2019achat et emploi, les parlementaires ont plac\u00e9 leur&hellip;\n","protected":false},"author":2,"featured_media":179460,"comment_status":"","ping_status":"","sticky":false,"template":"","format":"standard","meta":{"footnotes":""},"categories":[6],"tags":[339,340,35,343,345,350,130,344,352,349,33,34,341,313,1011,27,346,342,353,351,347,348,2422,354],"class_list":{"0":"post-179459","1":"post","2":"type-post","3":"status-publish","4":"format-standard","5":"has-post-thumbnail","7":"category-economie","8":"tag-actualite-economique","9":"tag-bourse","10":"tag-business","11":"tag-cac-40","12":"tag-chef-dentreprise","13":"tag-concurrence","14":"tag-consommation","15":"tag-creation-dentreprise","16":"tag-crise","17":"tag-delocalisations","18":"tag-economie","19":"tag-economy","20":"tag-emploi","21":"tag-entreprises","22":"tag-fr","23":"tag-france","24":"tag-grands-patrons","25":"tag-impots","26":"tag-licenciements","27":"tag-monopole","28":"tag-multinationales","29":"tag-privatisation","30":"tag-textile","31":"tag-unio"},"share_on_mastodon":{"url":"https:\/\/pubeurope.com\/@fr\/114689912558464645","error":""},"_links":{"self":[{"href":"https:\/\/www.europesays.com\/fr\/wp-json\/wp\/v2\/posts\/179459","targetHints":{"allow":["GET"]}}],"collection":[{"href":"https:\/\/www.europesays.com\/fr\/wp-json\/wp\/v2\/posts"}],"about":[{"href":"https:\/\/www.europesays.com\/fr\/wp-json\/wp\/v2\/types\/post"}],"author":[{"embeddable":true,"href":"https:\/\/www.europesays.com\/fr\/wp-json\/wp\/v2\/users\/2"}],"replies":[{"embeddable":true,"href":"https:\/\/www.europesays.com\/fr\/wp-json\/wp\/v2\/comments?post=179459"}],"version-history":[{"count":0,"href":"https:\/\/www.europesays.com\/fr\/wp-json\/wp\/v2\/posts\/179459\/revisions"}],"wp:featuredmedia":[{"embeddable":true,"href":"https:\/\/www.europesays.com\/fr\/wp-json\/wp\/v2\/media\/179460"}],"wp:attachment":[{"href":"https:\/\/www.europesays.com\/fr\/wp-json\/wp\/v2\/media?parent=179459"}],"wp:term":[{"taxonomy":"category","embeddable":true,"href":"https:\/\/www.europesays.com\/fr\/wp-json\/wp\/v2\/categories?post=179459"},{"taxonomy":"post_tag","embeddable":true,"href":"https:\/\/www.europesays.com\/fr\/wp-json\/wp\/v2\/tags?post=179459"}],"curies":[{"name":"wp","href":"https:\/\/api.w.org\/{rel}","templated":true}]}}