{"id":179465,"date":"2025-06-15T23:14:09","date_gmt":"2025-06-15T23:14:09","guid":{"rendered":"https:\/\/www.europesays.com\/fr\/179465\/"},"modified":"2025-06-15T23:14:09","modified_gmt":"2025-06-15T23:14:09","slug":"quand-a-t-on-vraiment-le-droit-de-reutiliser-les-eaux-de-pluie-en-france","status":"publish","type":"post","link":"https:\/\/www.europesays.com\/fr\/179465\/","title":{"rendered":"Quand a-t-on vraiment le droit de r\u00e9utiliser les eaux de pluie en France\u00a0?"},"content":{"rendered":"<p>La r\u00e9glementation fran\u00e7aise a \u00e9volu\u00e9 concernant la r\u00e9utilisation des eaux de pluie, nous expliquent les chercheurs Julie Mendret (universit\u00e9 de Montpellier) et Thomas Harmand (Aix-Marseille Universit\u00e9).<\/p>\n<p>L\u2019<a href=\"https:\/\/theconversation.com\/en-france-la-loi-evolue-pour-faciliter-la-reutilisation-des-eaux-usees-244187\" rel=\"nofollow noopener\" target=\"_blank\" class=\"color-ultramarine c-link\">eau de pluie est pr\u00e9cieuse<\/a>, tant <a href=\"https:\/\/www.drieat.ile-de-france.developpement-durable.gouv.fr\/IMG\/pdf\/plaquette_-_bien_gerer_les_eaux_de_pluies_-_driee_-_2019_vf_.pdf\" rel=\"nofollow noopener\" target=\"_blank\" class=\"color-ultramarine c-link\">au plan \u00e9cologique<\/a> qu\u2019\u00e9conomique\u00a0: jardins, chasses d\u2019eau, lavage des voitures\u2026 Jusqu\u2019\u00e0 peu, leur r\u00e9utilisation \u00e9tait strictement encadr\u00e9e par un <a href=\"https:\/\/www.legifrance.gouv.fr\/jorf\/id\/JORFTEXT000019386409\" rel=\"nofollow noopener\" target=\"_blank\" class=\"color-ultramarine c-link\">arr\u00eat\u00e9 de\u00a02008<\/a>, qui n\u2019autorisait leur usage que dans plusieurs cas tr\u00e8s pr\u00e9cis (\u00e9vacuation des excr\u00e9tas, lavage des sols ou encore arrosage des espaces verts \u00e0 certaines conditions).<\/p>\n<p>Plus strict pour les eaux grises<\/p>\n<p>Ce cadre juridique a \u00e9volu\u00e9 en\u00a0<a href=\"https:\/\/www.legifrance.gouv.fr\/jorf\/id\/JORFTEXT000048007367\" rel=\"nofollow noopener\" target=\"_blank\" class=\"color-ultramarine c-link\">2023<\/a> et\u00a0<a href=\"https:\/\/www.legifrance.gouv.fr\/jorf\/id\/JORFTEXT000049962670\" target=\"_blank\" class=\"color-ultramarine c-link\" rel=\"noopener\">2024<\/a>\u00a0: les usages non domestiques de l\u2019eau de pluie sont d\u00e9sormais autoris\u00e9s, et un nouveau cadre r\u00e9glementaire s\u2019applique \u00e0 ses usages domestiques. Par exemple, il est maintenant permis de laver son linge, <a href=\"https:\/\/www.legifrance.gouv.fr\/codes\/article_lc\/LEGIARTI000048008140\" rel=\"nofollow noopener\" target=\"_blank\" class=\"color-ultramarine c-link\">d\u2019arroser des jardins potagers<\/a> ou de laver son v\u00e9hicule \u00e0 son domicile. Il faut toutefois en passer par une d\u00e9claration en mairie \u2013 et pour une d\u00e9claration suppl\u00e9mentaire au pr\u00e9fet pour le lavage du linge ou l\u2019alimentation des fontaines d\u00e9coratives non destin\u00e9es \u00e0 la consommation humaine. Dans ce cas, les eaux de pluie utilis\u00e9es doivent aussi atteindre des objectifs de qualit\u00e9 pr\u00e9cis.<\/p>\n<p class=\"mb-m@xs text-l@xs\">En cliquant sur\u00ab J\u2019accepte \u00bb, vous acceptez le d\u00e9p\u00f4t de cookies par des services externes et aurez ainsi acc\u00e8s aux contenus de nos partenaires.<\/p>\n<p>J\u2019accepte<\/p>\n<p class=\"mb-m@xs text-l@xs\">Et pour mieux r\u00e9mun\u00e9rer 20 Minutes, n\u2019h\u00e9sitez pas \u00e0 accepter tous les cookies, m\u00eame pour un jour uniquement, via notre bouton\u00ab J\u2019accepte pour aujourd\u2019hui \u00bb dans le bandeau ci-dessous.<\/p>\n<p class=\"mb-xl@xs text-s@xs\">Plus d\u2019informations sur la page<a href=\"https:\/\/www.20minutes.fr\/gestion-cookies\" class=\"mx-xxs@xs color-ultramarine\" target=\"_blank\" rel=\"noopener\">Politique de gestion des cookies<\/a><\/p>\n<p>Autre nouveaut\u00e9 l\u00e9gislative\u00a0: il est d\u00e9sormais possible d\u2019utiliser ces eaux dans les \u00e9tablissements de sant\u00e9, thermaux ou encore scolaires, dans les m\u00eames conditions de d\u00e9claration que pr\u00e9c\u00e9demment.<\/p>\n<p>Au-del\u00e0 des eaux de pluie, les nouveaux textes de loi autorisent aussi la r\u00e9utilisation des eaux grises (qui proviennent des \u00e9viers, lavabos, douches, baignoires et machines \u00e0 laver et ne contiennent pas de mati\u00e8res f\u00e9cales, ou encore qui proviennent des piscines \u00e0 usage collectif). Les conditions sont toutefois plus strictes que pour les eaux de pluie\u00a0: la proc\u00e9dure minimale est ici une d\u00e9claration pr\u00e9fectorale.<\/p>\n<p>\u00c9valuation en\u00a02035<\/p>\n<p>Les usages sont th\u00e9oriquement plus limit\u00e9s\u00a0: au niveau domestique, il s\u2019agit de l\u2019alimentation des fontaines d\u00e9coratives non destin\u00e9es \u00e0 la consommation humaine, de l\u2019\u00e9vacuation des excr\u00e9tas, du nettoyage des surfaces ext\u00e9rieures, ainsi que de l\u2019arrosage des espaces verts \u00e0 l\u2019\u00e9chelle du b\u00e2timent. Le lavage du linge, le nettoyage des sols en int\u00e9rieur et l\u2019arrosage des jardins potagers font toutefois l\u2019objet d\u2019une proc\u00e9dure d\u00e9rogatoire, et peuvent \u00eatre autoris\u00e9s \u00e0 titre exp\u00e9rimental. <a href=\"https:\/\/www.legifrance.gouv.fr\/jorf\/article_jo\/JORFARTI000049962737\" rel=\"nofollow noopener\" target=\"_blank\" class=\"color-ultramarine c-link\">L\u2019\u00e9valuation de ces exp\u00e9rimentations aura lieu en\u00a02035<\/a>, et leur g\u00e9n\u00e9ralisation \u00e9ventuelle sera d\u00e9cid\u00e9e en cons\u00e9quence.<\/p>\n<p><a href=\"https:\/\/www.20minutes.fr\/planete\/\" class=\"c-link c-btn c-btn--primary\" target=\"_blank\" rel=\"noopener\">Notre dossier Plan\u00e8te<\/a><\/p>\n<p>Pour les \u00e9tablissements recevant du public sensible, la proc\u00e9dure est encore plus stricte pour la r\u00e9utilisation des eaux grises ou de piscines, o\u00f9 il faut obtenir une autorisation.<\/p>\n<p>Suivi sanitaire<\/p>\n<p>Les contraintes de surveillance diff\u00e8rent \u00e9galement. Pour les usages soumis \u00e0 des exigences de qualit\u00e9, un suivi sanitaire est requis. Il est \u00e0 effectuer jusqu\u2019\u00e0 six fois par an. On le devine, il sera plus difficile de mettre en \u0153uvre ce type de valorisation dans ces \u00e9tablissements.<\/p>\n<p>Ces textes repr\u00e9sentent malgr\u00e9 tout une avanc\u00e9e\u00a0: les sources d\u2019eaux non conventionnelles sont d\u00e9sormais identifi\u00e9es par la r\u00e9glementation, et peuvent \u00eatre int\u00e9gr\u00e9es \u00e0 la gestion de l\u2019eau.<\/p>\n<p>Ce texte est la version courte de l\u2019article \u00e9crit par Julie Mendret de l\u2019universit\u00e9 de Montpellier et Thomas Harmand d\u2019Aix-Marseille Universit\u00e9, <a href=\"https:\/\/theconversation.com\/eaux-de-pluie-et-eaux-grises-dans-quelles-conditions-est-il-autorise-de-les-reutiliser-en-france-244188\" rel=\"nofollow noopener\" target=\"_blank\" class=\"color-ultramarine c-link\">publi\u00e9 sur The Conversation le 3\u00a0d\u00e9cembre 2024.<\/a><\/p>\n","protected":false},"excerpt":{"rendered":"La r\u00e9glementation fran\u00e7aise a \u00e9volu\u00e9 concernant la r\u00e9utilisation des eaux de pluie, nous expliquent les chercheurs Julie Mendret&hellip;\n","protected":false},"author":2,"featured_media":179466,"comment_status":"","ping_status":"","sticky":false,"template":"","format":"standard","meta":{"footnotes":""},"categories":[2],"tags":[11,4858,1011,27,11085,12,52,4459,14962],"class_list":{"0":"post-179465","1":"post","2":"type-post","3":"status-publish","4":"format-standard","5":"has-post-thumbnail","7":"category-actualites","8":"tag-actualites","9":"tag-eau","10":"tag-fr","11":"tag-france","12":"tag-legislation","13":"tag-news","14":"tag-planete","15":"tag-pluie","16":"tag-the-conversation"},"share_on_mastodon":{"url":"https:\/\/pubeurope.com\/@fr\/114689924343150886","error":""},"_links":{"self":[{"href":"https:\/\/www.europesays.com\/fr\/wp-json\/wp\/v2\/posts\/179465","targetHints":{"allow":["GET"]}}],"collection":[{"href":"https:\/\/www.europesays.com\/fr\/wp-json\/wp\/v2\/posts"}],"about":[{"href":"https:\/\/www.europesays.com\/fr\/wp-json\/wp\/v2\/types\/post"}],"author":[{"embeddable":true,"href":"https:\/\/www.europesays.com\/fr\/wp-json\/wp\/v2\/users\/2"}],"replies":[{"embeddable":true,"href":"https:\/\/www.europesays.com\/fr\/wp-json\/wp\/v2\/comments?post=179465"}],"version-history":[{"count":0,"href":"https:\/\/www.europesays.com\/fr\/wp-json\/wp\/v2\/posts\/179465\/revisions"}],"wp:featuredmedia":[{"embeddable":true,"href":"https:\/\/www.europesays.com\/fr\/wp-json\/wp\/v2\/media\/179466"}],"wp:attachment":[{"href":"https:\/\/www.europesays.com\/fr\/wp-json\/wp\/v2\/media?parent=179465"}],"wp:term":[{"taxonomy":"category","embeddable":true,"href":"https:\/\/www.europesays.com\/fr\/wp-json\/wp\/v2\/categories?post=179465"},{"taxonomy":"post_tag","embeddable":true,"href":"https:\/\/www.europesays.com\/fr\/wp-json\/wp\/v2\/tags?post=179465"}],"curies":[{"name":"wp","href":"https:\/\/api.w.org\/{rel}","templated":true}]}}