{"id":179467,"date":"2025-06-15T23:15:11","date_gmt":"2025-06-15T23:15:11","guid":{"rendered":"https:\/\/www.europesays.com\/fr\/179467\/"},"modified":"2025-06-15T23:15:11","modified_gmt":"2025-06-15T23:15:11","slug":"13-jours-13-nuits-avant-premiere-au-megarama-jean-jaures-saint-etienne","status":"publish","type":"post","link":"https:\/\/www.europesays.com\/fr\/179467\/","title":{"rendered":"13 JOURS, 13 NUITS : AVANT-PREMIERE AU MEGARAMA JEAN-JAUR\u00c8S SAINT-ETIENNE"},"content":{"rendered":"<p>Kaboul, 15 ao\u00fbt 2021. Cette date r\u00e9sonne encore dans les m\u00e9moires comme le symbole d\u2019un basculement g\u00e9opolitique majeur. Alors que les troupes am\u00e9ricaines s\u2019appr\u00eatent \u00e0 quitter d\u00e9finitivement le territoire afghan, les Talibans d\u00e9ferlent sur la capitale et s\u2019emparent du pouvoir dans un chaos indescriptible. C\u2019est dans ce contexte explosif que nous fait \u00e9voluer le r\u00e9alisateur Martin Bourboulon.<\/p>\n<p><img loading=\"lazy\" decoding=\"async\" width=\"932\" height=\"582\" src=\"https:\/\/www.europesays.com\/fr\/wp-content\/uploads\/2025\/06\/AQ3HQA6MIBADVHSN7WKWIMWZPI.jpg\" alt=\"\" class=\"wp-image-55913\"  \/><\/p>\n<p>Au milieu de cette tourmente, le commandant Mohamed Bida et ses hommes se retrouvent en premi\u00e8re ligne pour assurer la s\u00e9curit\u00e9 de l\u2019ambassade de France, derni\u00e8re enclave occidentale encore ouverte. Pris au pi\u00e8ge dans une ville en proie \u00e0 l\u2019anarchie, le commandant Bida prend une d\u00e9cision p\u00e9rilleuse : n\u00e9gocier directement avec les Talibans pour organiser un convoi de la derni\u00e8re chance.<\/p>\n<p>Une course contre la montre<\/p>\n<p>L\u2019intrigue se resserre autour d\u2019une mission \u00e0 haut risque. Avec l\u2019aide d\u2019Eva, une jeune traductrice franco-afghane qui conna\u00eet les subtilit\u00e9s culturelles et linguistiques du terrain, l\u2019\u00e9quipe fran\u00e7aise va tenter l\u2019impossible : conduire les \u00e9vacu\u00e9s jusqu\u2019\u00e0 l\u2019a\u00e9roport de Kaboul et fuir cet enfer avant qu\u2019il ne soit d\u00e9finitivement trop tard.<\/p>\n<p>Cette course contre la montre promet de tenir les spectateurs en haleine, m\u00ealant suspense g\u00e9opolitique et tension humaine dans un contexte historique encore br\u00fblant d\u2019actualit\u00e9.<\/p>\n<\/p>\n<p>Un casting de qualit\u00e9<\/p>\n<p>Martin Bourboulon a r\u00e9uni un casting solide pour porter ce r\u00e9cit exigeant. Roschdy Zem incarne le commandant Bida, apportant sa pr\u00e9sence charismatique et son exp\u00e9rience des r\u00f4les \u00e0 forte charge dramatique. \u00c0 ses c\u00f4t\u00e9s, Lyna Khoudri interpr\u00e8te Eva, la traductrice franco-afghane, un personnage cl\u00e9 qui fait le lien entre deux mondes. Le casting se compl\u00e8te avec Sidse Babett Knudsen, Christophe Montenez et Yan Tual.<\/p>\n<p>Une avant-premi\u00e8re \u00e0 Saint-\u00c9tienne<\/p>\n<p>Les cin\u00e9philes st\u00e9phanois auront l\u2019opportunit\u00e9 de d\u00e9couvrir <strong>ce thriller en avant-premi\u00e8re au Megarama Jean-Jaur\u00e8s le 20 juin \u00e0 21h<\/strong>. Une occasion unique de voir ce film avant sa sortie nationale et de se plonger dans ce r\u00e9cit poignant qui interroge sur les enjeux g\u00e9opolitiques contemporains et le courage de ceux qui, dans l\u2019ombre, risquent leur vie pour sauver celle des autres. R\u00e9servation <a href=\"https:\/\/jean-jaures.megarama.fr\/FR\/fiche-film-cinema\/MJPKFY\/13-jours-13-nuits.html\" target=\"_blank\" rel=\"noreferrer noopener\">ICI<\/a>.<\/p>\n","protected":false},"excerpt":{"rendered":"Kaboul, 15 ao\u00fbt 2021. Cette date r\u00e9sonne encore dans les m\u00e9moires comme le symbole d\u2019un basculement g\u00e9opolitique majeur.&hellip;\n","protected":false},"author":2,"featured_media":179468,"comment_status":"","ping_status":"","sticky":false,"template":"","format":"standard","meta":{"footnotes":""},"categories":[9653],"tags":[1111,11,2430,650,1777,674,1011,27,3367,10905,12,25,4001],"class_list":{"0":"post-179467","1":"post","2":"type-post","3":"status-publish","4":"format-standard","5":"has-post-thumbnail","7":"category-saint-etienne","8":"tag-actu","9":"tag-actualites","10":"tag-auvergne-rhone-alpes","11":"tag-cinema","12":"tag-eu","13":"tag-europe","14":"tag-fr","15":"tag-france","16":"tag-loire","17":"tag-megarama","18":"tag-news","19":"tag-republique-francaise","20":"tag-saint-etienne"},"share_on_mastodon":{"url":"https:\/\/pubeurope.com\/@fr\/114689928341602813","error":""},"_links":{"self":[{"href":"https:\/\/www.europesays.com\/fr\/wp-json\/wp\/v2\/posts\/179467","targetHints":{"allow":["GET"]}}],"collection":[{"href":"https:\/\/www.europesays.com\/fr\/wp-json\/wp\/v2\/posts"}],"about":[{"href":"https:\/\/www.europesays.com\/fr\/wp-json\/wp\/v2\/types\/post"}],"author":[{"embeddable":true,"href":"https:\/\/www.europesays.com\/fr\/wp-json\/wp\/v2\/users\/2"}],"replies":[{"embeddable":true,"href":"https:\/\/www.europesays.com\/fr\/wp-json\/wp\/v2\/comments?post=179467"}],"version-history":[{"count":0,"href":"https:\/\/www.europesays.com\/fr\/wp-json\/wp\/v2\/posts\/179467\/revisions"}],"wp:featuredmedia":[{"embeddable":true,"href":"https:\/\/www.europesays.com\/fr\/wp-json\/wp\/v2\/media\/179468"}],"wp:attachment":[{"href":"https:\/\/www.europesays.com\/fr\/wp-json\/wp\/v2\/media?parent=179467"}],"wp:term":[{"taxonomy":"category","embeddable":true,"href":"https:\/\/www.europesays.com\/fr\/wp-json\/wp\/v2\/categories?post=179467"},{"taxonomy":"post_tag","embeddable":true,"href":"https:\/\/www.europesays.com\/fr\/wp-json\/wp\/v2\/tags?post=179467"}],"curies":[{"name":"wp","href":"https:\/\/api.w.org\/{rel}","templated":true}]}}