{"id":179474,"date":"2025-06-15T23:19:18","date_gmt":"2025-06-15T23:19:18","guid":{"rendered":"https:\/\/www.europesays.com\/fr\/179474\/"},"modified":"2025-06-15T23:19:18","modified_gmt":"2025-06-15T23:19:18","slug":"lutte-contre-la-caulerpa-taxifolia-un-engagement-de-longue-haleine","status":"publish","type":"post","link":"https:\/\/www.europesays.com\/fr\/179474\/","title":{"rendered":"Lutte contre la Caulerpa Taxifolia, un engagement de longue haleine"},"content":{"rendered":"<p>                    <img loading=\"lazy\" decoding=\"async\" src=\"https:\/\/www.europesays.com\/fr\/wp-content\/uploads\/2025\/06\/f8f9b1090dae0cd4d4e084a4e6980c.jpg\" class=\"img-responsive post-image\" width=\"680\" height=\"510\" alt=\"Lutte contre la Caulerpa\" title=\"Lutte contre la Caulerpa Taxifolia, un engagement de longue haleine\"\/><\/p>\n<p class=\"chapo\">Herv\u00e9 Stassinos, le maire du Pradet, accompagn\u00e9 de son premier adjoint Jean-Fran\u00e7ois Planes, adjoint d\u00e9l\u00e9gu\u00e9 \u00e0 l\u2019urbanisme et \u00e0 l\u2019am\u00e9nagement du territoire, a sign\u00e9 le renouvellement de la convention de partenariat pour la lutte contre la Caulerpa taxifolia sur la baie de la Garonne.<\/p>\n<p>Pour les \u00e9lus du Pradet, c\u2019est une lutte engag\u00e9e depuis 2002. Depuis plus de 20 ans, la Ville et ses partenaires se battent contre la prolif\u00e9ration de l\u2019algue verte Caulerpa taxifolia, une esp\u00e8ce originaire d\u2019Australie qui a envahi les fonds marins m\u00e9diterran\u00e9ens.<\/p>\n<p>\u00ab\u00a0Cet engagement, port\u00e9 par la Municipalit\u00e9 et plusieurs associations locales, vise \u00e0 restaurer l\u2019\u00e9quilibre des \u00e9cosyst\u00e8mes littoraux et marins en limitant la propagation de cette esp\u00e8ce invasive\u00a0\u00bb, a expliqu\u00e9 <strong>Herv\u00e9 Stassinos.<\/strong><\/p>\n<p>INQUI\u00c9TUDES<\/p>\n<p>Le premier magistrat du Pradet a ajout\u00e9\u00a0: \u00ab\u00a0Bien que des progr\u00e8s notables aient \u00e9t\u00e9 r\u00e9alis\u00e9s et qu\u2019une r\u00e9gression de l\u2019algue ait \u00e9t\u00e9 observ\u00e9e ces derni\u00e8res ann\u00e9es, le r\u00e9chauffement climatique et l\u2019augmentation de la temp\u00e9rature des eaux de la mer M\u00e9diterran\u00e9e suscitent des inqui\u00e9tudes. En effet, ces ph\u00e9nom\u00e8nes peuvent entra\u00eener une nouvelle phase d\u2019expansion de la Caulerpa taxifolia, ce qui rend indispensable la continuit\u00e9 de cette action de lutte\u00a0\u00bb.<\/p>\n<p>Chaque automne,<strong> Telo Sub<\/strong> coordonne avec la commune et le soutien de diverses associations et du Parc national de Port-Cros, des campagnes de prospection et d\u2019\u00e9radication de la Caulerpa taxifolia. Ces actions impliquent une quinzaine de plongeurs b\u00e9n\u00e9voles, qu\u2019ils soient habitants du Pradet ou de communes voisines, ainsi que des membres des associations locales. Parall\u00e8lement, des actions de sensibilisation se poursuivent tout au long de l\u2019ann\u00e9e. En particulier, lors de la saison estivale, des op\u00e9rations sont men\u00e9es pour toucher un large public et inciter chacun \u00e0 adopter un comportement respectueux de l\u2019environnement marin.<\/p>\n<p>La signature de la convention s\u2019est effectu\u00e9e en pr\u00e9sence des partenaires de cette action de pr\u00e9servation de l\u2019environnement\u00a0: <strong>Patrick Maurin,<\/strong> pr\u00e9sident du Centre de Plong\u00e9e du Pradet, <strong>\u00c9ric Pironneau<\/strong>, pr\u00e9sident de Telo Sub, et <strong>Marion George<\/strong>, charg\u00e9e de missions Naturoscope.<\/p>\n<p><strong>Trois piliers d\u2019action <\/strong><\/p>\n<p>Chaque ann\u00e9e, l\u2019op\u00e9ration de lutte contre la Caulerpa taxifolia repose sur trois axes majeurs\u00a0:<br class=\"autobr\"\/><br \/>\n<strong>&#8211;  La prospection\u00a0: <\/strong> Chaque automne, une \u00e9quipe se rend sur le terrain pour recenser les zones envahies par l\u2019algue, v\u00e9rifier et constater l\u2019\u00e9tat des colonies pr\u00e9c\u00e9demment \u00e9radiqu\u00e9es, et r\u00e9pertorier les esp\u00e8ces rencontr\u00e9es, qu\u2019il s\u2019agisse de la faune ou de la flore.<br class=\"autobr\"\/><br \/>\n<strong>&#8211; L\u2019\u00e9radication\u00a0:<\/strong> D\u00e8s que de nouvelles colonies sont rep\u00e9r\u00e9es lors de la campagne de prospection, des op\u00e9rations d\u2019\u00e9radication sont men\u00e9es sur le terrain.<br class=\"autobr\"\/><br \/>\n<strong>&#8211; La sensibilisation\u00a0:<\/strong> Chaque \u00e9t\u00e9, des actions de sensibilisation sont organis\u00e9es pour informer les usagers du milieu marin (plongeurs, plaisanciers, baigneurs, etc.), les scolaires et le grand public sur les enjeux li\u00e9s \u00e0 la pr\u00e9servation de la biodiversit\u00e9 marine.<br class=\"autobr\"\/><\/p>\n<p>Photo de Une\u00a0: \u00a9PRESSE AGENCE.<\/p>\n","protected":false},"excerpt":{"rendered":"Herv\u00e9 Stassinos, le maire du Pradet, accompagn\u00e9 de son premier adjoint Jean-Fran\u00e7ois Planes, adjoint d\u00e9l\u00e9gu\u00e9 \u00e0 l\u2019urbanisme et&hellip;\n","protected":false},"author":2,"featured_media":179475,"comment_status":"","ping_status":"","sticky":false,"template":"","format":"standard","meta":{"footnotes":""},"categories":[9619],"tags":[1111,11,2408,1777,674,1011,27,12,882,25,2310],"class_list":{"0":"post-179474","1":"post","2":"type-post","3":"status-publish","4":"format-standard","5":"has-post-thumbnail","7":"category-toulon","8":"tag-actu","9":"tag-actualites","10":"tag-appels-d","11":"tag-eu","12":"tag-europe","13":"tag-fr","14":"tag-france","15":"tag-news","16":"tag-provence-alpes-cote-dazur","17":"tag-republique-francaise","18":"tag-toulon"},"share_on_mastodon":{"url":"https:\/\/pubeurope.com\/@fr\/114689944004908758","error":""},"_links":{"self":[{"href":"https:\/\/www.europesays.com\/fr\/wp-json\/wp\/v2\/posts\/179474","targetHints":{"allow":["GET"]}}],"collection":[{"href":"https:\/\/www.europesays.com\/fr\/wp-json\/wp\/v2\/posts"}],"about":[{"href":"https:\/\/www.europesays.com\/fr\/wp-json\/wp\/v2\/types\/post"}],"author":[{"embeddable":true,"href":"https:\/\/www.europesays.com\/fr\/wp-json\/wp\/v2\/users\/2"}],"replies":[{"embeddable":true,"href":"https:\/\/www.europesays.com\/fr\/wp-json\/wp\/v2\/comments?post=179474"}],"version-history":[{"count":0,"href":"https:\/\/www.europesays.com\/fr\/wp-json\/wp\/v2\/posts\/179474\/revisions"}],"wp:featuredmedia":[{"embeddable":true,"href":"https:\/\/www.europesays.com\/fr\/wp-json\/wp\/v2\/media\/179475"}],"wp:attachment":[{"href":"https:\/\/www.europesays.com\/fr\/wp-json\/wp\/v2\/media?parent=179474"}],"wp:term":[{"taxonomy":"category","embeddable":true,"href":"https:\/\/www.europesays.com\/fr\/wp-json\/wp\/v2\/categories?post=179474"},{"taxonomy":"post_tag","embeddable":true,"href":"https:\/\/www.europesays.com\/fr\/wp-json\/wp\/v2\/tags?post=179474"}],"curies":[{"name":"wp","href":"https:\/\/api.w.org\/{rel}","templated":true}]}}