{"id":179480,"date":"2025-06-15T23:22:24","date_gmt":"2025-06-15T23:22:24","guid":{"rendered":"https:\/\/www.europesays.com\/fr\/179480\/"},"modified":"2025-06-15T23:22:24","modified_gmt":"2025-06-15T23:22:24","slug":"enquete-pour-feminicide-apres-la-decouverte-dun-couple-mort-a-son-domicile","status":"publish","type":"post","link":"https:\/\/www.europesays.com\/fr\/179480\/","title":{"rendered":"Enqu\u00eate pour f\u00e9minicide apr\u00e8s la d\u00e9couverte d\u2019un couple mort \u00e0 son domicile"},"content":{"rendered":"<p>Un couple de retrait\u00e9s a \u00e9t\u00e9 retrouv\u00e9 mort ce dimanche dans sa maison de Murviel-l\u00e8s-Montpellier, petite commune situ\u00e9e \u00e0 environ 10\u00a0km \u00e0 l\u2019ouest de <a href=\"https:\/\/www.20minutes.fr\/montpellier\/\" class=\"color-ultramarine c-link\" target=\"_blank\" rel=\"noopener\">Montpellier <\/a>(H\u00e9rault). D\u2019apr\u00e8s <a href=\"https:\/\/actu.fr\/occitanie\/murviel-les-montpellier_34179\/pres-de-montpellier-a-murviel-un-couple-retrouve-decede-par-arme-a-feu-dans-sa-maison_62774603.html\" rel=\"nofollow noopener\" target=\"_blank\" class=\"color-ultramarine c-link\">nos confr\u00e8res de M\u00e9tropolitain<\/a>, qui ont r\u00e9v\u00e9l\u00e9 les faits, le couple serait mort dans la nuit de samedi \u00e0 dimanche. Le corps de la femme gisait dans une mare de sang. Elle aurait \u00e9t\u00e9 tu\u00e9e par balles. Le corps sans vie de l\u2019homme a \u00e9galement \u00e9t\u00e9 retrouv\u00e9 dans la maison. A c\u00f4t\u00e9 de lui, les enqu\u00eateurs ont d\u00e9couvert une arme \u00e0 feu.<\/p>\n<p>Les gendarmes de la section de recherches de Montpellier privil\u00e9gient pour l\u2019heure la piste du f\u00e9minicide suivi d\u2019un suicide par arme \u00e0 feu. L\u2019homme aurait tir\u00e9 sur son \u00e9pouse \u00e0 bout portant avant de retourner l\u2019arme contre lui. Des autopsies des deux corps seront pratiqu\u00e9es. D\u2019apr\u00e8s nos conf\u00e8res, le couple \u00e9tait \u00e2g\u00e9 d\u2019environ 70 \u00e0 80 ans.<\/p>\n<\/p>\n<p>D\u2019apr\u00e8s le collectif Nous Toutes, <a href=\"https:\/\/www.noustoutes.org\/mur-de-femmages-2025\/\" rel=\"nofollow noopener\" target=\"_blank\" class=\"color-ultramarine c-link\">72 femmes avaient \u00e9t\u00e9 tu\u00e9es par leur conjoint<\/a> au 14\u00a0juin depuis le d\u00e9but de l\u2019ann\u00e9e\u00a02025 et donc avant ce nouveau drame. Une femme retrait\u00e9e <a href=\"https:\/\/www.ouest-france.fr\/societe\/faits-divers\/tellement-choquant-ce-que-lon-sait-sur-le-retraite-suspecte-davoir-tue-sa-femme-en-bretagne-92a7f3d2-4914-11f0-b660-c6a4d2b5307d\" rel=\"nofollow noopener\" target=\"_blank\" class=\"color-ultramarine c-link\">a \u00e9t\u00e9 tu\u00e9e il y a trois jours \u00e0 Mauron<\/a>, dans le Morbihan, avant de retourner l\u2019arme contre lui.<\/p>\n","protected":false},"excerpt":{"rendered":"Un couple de retrait\u00e9s a \u00e9t\u00e9 retrouv\u00e9 mort ce dimanche dans sa maison de Murviel-l\u00e8s-Montpellier, petite commune situ\u00e9e&hellip;\n","protected":false},"author":2,"featured_media":179481,"comment_status":"","ping_status":"","sticky":false,"template":"","format":"standard","meta":{"footnotes":""},"categories":[9599],"tags":[1111,47,11,1067,1777,674,118,31637,3555,1011,27,7089,2681,777,2208,12,2680,25,5748],"class_list":{"0":"post-179480","1":"post","2":"type-post","3":"status-publish","4":"format-standard","5":"has-post-thumbnail","7":"category-montpellier","8":"tag-actu","9":"tag-actualite","10":"tag-actualites","11":"tag-enquete","12":"tag-eu","13":"tag-europe","14":"tag-faits-divers","15":"tag-faits-divers-montpellier","16":"tag-feminicide","17":"tag-fr","18":"tag-france","19":"tag-herault","20":"tag-languedoc-roussillon","21":"tag-meurtre","22":"tag-montpellier","23":"tag-news","24":"tag-occitanie","25":"tag-republique-francaise","26":"tag-suicide"},"share_on_mastodon":{"url":"https:\/\/pubeurope.com\/@fr\/114689955810564967","error":""},"_links":{"self":[{"href":"https:\/\/www.europesays.com\/fr\/wp-json\/wp\/v2\/posts\/179480","targetHints":{"allow":["GET"]}}],"collection":[{"href":"https:\/\/www.europesays.com\/fr\/wp-json\/wp\/v2\/posts"}],"about":[{"href":"https:\/\/www.europesays.com\/fr\/wp-json\/wp\/v2\/types\/post"}],"author":[{"embeddable":true,"href":"https:\/\/www.europesays.com\/fr\/wp-json\/wp\/v2\/users\/2"}],"replies":[{"embeddable":true,"href":"https:\/\/www.europesays.com\/fr\/wp-json\/wp\/v2\/comments?post=179480"}],"version-history":[{"count":0,"href":"https:\/\/www.europesays.com\/fr\/wp-json\/wp\/v2\/posts\/179480\/revisions"}],"wp:featuredmedia":[{"embeddable":true,"href":"https:\/\/www.europesays.com\/fr\/wp-json\/wp\/v2\/media\/179481"}],"wp:attachment":[{"href":"https:\/\/www.europesays.com\/fr\/wp-json\/wp\/v2\/media?parent=179480"}],"wp:term":[{"taxonomy":"category","embeddable":true,"href":"https:\/\/www.europesays.com\/fr\/wp-json\/wp\/v2\/categories?post=179480"},{"taxonomy":"post_tag","embeddable":true,"href":"https:\/\/www.europesays.com\/fr\/wp-json\/wp\/v2\/tags?post=179480"}],"curies":[{"name":"wp","href":"https:\/\/api.w.org\/{rel}","templated":true}]}}