{"id":179483,"date":"2025-06-15T23:26:15","date_gmt":"2025-06-15T23:26:15","guid":{"rendered":"https:\/\/www.europesays.com\/fr\/179483\/"},"modified":"2025-06-15T23:26:15","modified_gmt":"2025-06-15T23:26:15","slug":"bagarres-entre-supporters-de-grenoble-et-de-perpignan-sur-la-pelouse-a-la-fin-du-barrage","status":"publish","type":"post","link":"https:\/\/www.europesays.com\/fr\/179483\/","title":{"rendered":"bagarres entre supporters de Grenoble et de Perpignan sur la pelouse \u00e0 la fin du barrage"},"content":{"rendered":"<p>AFP Videos &#8211; France<\/p>\n<p><a class=\"Td(n) C($inherit) LineClamp(2,45px) D(f) rapidnofollow\" data-uuid=\"41d4bfc2-2ded-3872-bec8-bd88a313aa08\" href=\"https:\/\/fr.news.yahoo.com\/ps-daccord-entre-direction-opposants-094205837.html\" data-ylk=\"elm:hdln;itc:0;pos:1;sec:strm;subsec:moreforyou;cpos:21;ct:video;g:41d4bfc2-2ded-3872-bec8-bd88a313aa08\" data-hosted-type=\"HOSTED\" rel=\"nofollow noopener\" target=\"_blank\">PS: pas d&rsquo;accord entre la direction et les opposants d&rsquo;Olivier Faure<\/a><\/p>\n<p class=\"M(0) C($summaryColor) Fz(14px) Lh(1.43em) LineClamp(3,60px)\">Le premier secr\u00e9taire du PS, Olivier Faure, et son concurrent Nicolas Mayer-Rossignol, ne feront pas la \u00ab\u00a0synth\u00e8se\u00a0\u00bb tant attendue pour tenter de rassembler le parti, ont annonc\u00e9 dimanche, au dernier jour du congr\u00e8s, les opposants d&rsquo;Olivier Faure.Au cour de ce congr\u00e8s, la direction du premier secr\u00e9taire r\u00e9\u00e9lu Olivier Faure et ses opposants, men\u00e9s par le maire de Rouen Nicolas Mayer-Rossignol qui a \u00e9chou\u00e9 de peu \u00e0 devenir le patron du PS, se sont \u00e9charp\u00e9s sur la relation que le PS doit entretenir avec La France insoumise.Les deux courants \u00e9taient proches d&rsquo;un accord sur un texte de synth\u00e8se, mais le camp de Nicolas Mayer-Rossignol a voulu faire ins\u00e9rer dans la nuit de samedi \u00e0 dimanche la phrase suivante: \u00ab\u00a0Nous ne ferons pas d&rsquo;accord national et programmatique aux l\u00e9gislatives avec LFI\u00a0\u00bb.Ce que le camp d&rsquo;Olivier Faure a refus\u00e9 de faire.\u00a0Le premier secr\u00e9taire a r\u00e9guli\u00e8rement affirm\u00e9 que son parti n&rsquo;irait \u00ab\u00a0pas derri\u00e8re Jean-Luc M\u00e9lenchon \u00e0 la pr\u00e9sidentielle\u00a0\u00bb de 2027 et qu&rsquo;il n&rsquo;y aurait pas d&rsquo;accord national aux municipales avec les Insoumis.Mais, en cas de dissolution de l&rsquo;Assembl\u00e9e nationale et de risque d&rsquo;acc\u00e8s de l&rsquo;extr\u00eame droite au pouvoir, il refuse d&rsquo;exclure des discussions avec LFI.\u00a0\u00ab\u00a0Nous regrettons que cet amendement n&rsquo;ait pas \u00e9t\u00e9 accept\u00e9. C&rsquo;\u00e9tait le seul amendement qui nous s\u00e9parait d&rsquo;un accord\u00a0\u00bb, a indiqu\u00e9 dimanche devant la presse Nicolas Mayer-Rossignol.Il a d\u00e9plor\u00e9 une nouvelle fois un manque de clart\u00e9, estimant que le sujet de la relation \u00e0 LFI \u00ab\u00a0a \u00e9t\u00e9 cach\u00e9\u00a0\u00bb par la direction, qui \u00ab\u00a0faisait croire que c&rsquo;\u00e9tait derri\u00e8re nous\u00a0\u00bb.\u00a0\u00bbAucune synth\u00e8se n&rsquo;est possible de notre point de vue\u00a0\u00bb, a rench\u00e9ri le d\u00e9put\u00e9 de l&rsquo;Eure Philippe Brun, l&rsquo;un de ses proches: \u00ab\u00a0Nous ne pouvons accepter une synth\u00e8se \u00e0 vil prix\u00a0\u00bb.\u00a0Dans le camp d&rsquo;Olivier Faure, l&rsquo;eurod\u00e9put\u00e9 Pierre Jouvet a expliqu\u00e9 que la direction refusait de \u00ab\u00a0se positionner en permanence par rapport LFI\u00a0\u00bb, et n&rsquo;avait \u00ab\u00a0aucune obsession permanente\u00a0\u00bb vis-\u00e0-vis de la formation de Jean-Luc M\u00e9lenchon.A ce stade, les discussions sont toujours en cours avec le courant de Boris Vallaud pour aboutir \u00e0 un pacte de gouvernance, a pr\u00e9cis\u00e9 le courant Faure.\u00a0A l&rsquo;issue du congr\u00e8s, \u00ab\u00a0tout le monde sera associ\u00e9, notamment dans la pr\u00e9paration des \u00e9lections municipales et dans la d\u00e9finition du projet du Parti socialiste\u00a0\u00bb, a assur\u00e9 M. Jouvet.leo-caz\/sde\/gvy<\/p>\n","protected":false},"excerpt":{"rendered":"AFP Videos &#8211; France PS: pas d&rsquo;accord entre la direction et les opposants d&rsquo;Olivier Faure Le premier secr\u00e9taire&hellip;\n","protected":false},"author":2,"featured_media":179484,"comment_status":"","ping_status":"","sticky":false,"template":"","format":"standard","meta":{"footnotes":""},"categories":[9566],"tags":[1111,11,2430,31573,31638,1777,674,1011,27,2731,12,12250,25,31572],"class_list":{"0":"post-179483","1":"post","2":"type-post","3":"status-publish","4":"format-standard","5":"has-post-thumbnail","7":"category-grenoble","8":"tag-actu","9":"tag-actualites","10":"tag-auvergne-rhone-alpes","11":"tag-coup-de-sifflet","12":"tag-dabord","13":"tag-eu","14":"tag-europe","15":"tag-fr","16":"tag-france","17":"tag-grenoble","18":"tag-news","19":"tag-pelouse","20":"tag-republique-francaise","21":"tag-tommaso-allan"},"share_on_mastodon":{"url":"https:\/\/pubeurope.com\/@fr\/114689971544711130","error":""},"_links":{"self":[{"href":"https:\/\/www.europesays.com\/fr\/wp-json\/wp\/v2\/posts\/179483","targetHints":{"allow":["GET"]}}],"collection":[{"href":"https:\/\/www.europesays.com\/fr\/wp-json\/wp\/v2\/posts"}],"about":[{"href":"https:\/\/www.europesays.com\/fr\/wp-json\/wp\/v2\/types\/post"}],"author":[{"embeddable":true,"href":"https:\/\/www.europesays.com\/fr\/wp-json\/wp\/v2\/users\/2"}],"replies":[{"embeddable":true,"href":"https:\/\/www.europesays.com\/fr\/wp-json\/wp\/v2\/comments?post=179483"}],"version-history":[{"count":0,"href":"https:\/\/www.europesays.com\/fr\/wp-json\/wp\/v2\/posts\/179483\/revisions"}],"wp:featuredmedia":[{"embeddable":true,"href":"https:\/\/www.europesays.com\/fr\/wp-json\/wp\/v2\/media\/179484"}],"wp:attachment":[{"href":"https:\/\/www.europesays.com\/fr\/wp-json\/wp\/v2\/media?parent=179483"}],"wp:term":[{"taxonomy":"category","embeddable":true,"href":"https:\/\/www.europesays.com\/fr\/wp-json\/wp\/v2\/categories?post=179483"},{"taxonomy":"post_tag","embeddable":true,"href":"https:\/\/www.europesays.com\/fr\/wp-json\/wp\/v2\/tags?post=179483"}],"curies":[{"name":"wp","href":"https:\/\/api.w.org\/{rel}","templated":true}]}}