{"id":179485,"date":"2025-06-15T23:27:08","date_gmt":"2025-06-15T23:27:08","guid":{"rendered":"https:\/\/www.europesays.com\/fr\/179485\/"},"modified":"2025-06-15T23:27:08","modified_gmt":"2025-06-15T23:27:08","slug":"previsions-du-lundi-16-juin-2025-2","status":"publish","type":"post","link":"https:\/\/www.europesays.com\/fr\/179485\/","title":{"rendered":"pr\u00e9visions du lundi 16 juin 2025"},"content":{"rendered":"<p>C&rsquo;est un soleil radieux qui va se montrer aujourd&rsquo;hui sur Rennes. Les maximales pourront atteindre 24\u00b0C tandis que les minimales seront de 9\u00b0C. Un vent de nord-est soufflera doucement. Il va faire en moyenne 18\u00b0C, le matin. Une m\u00e9t\u00e9o plus chaude est \u00e0 pr\u00e9voir l&rsquo;apr\u00e8s-midi \u00e9tant donn\u00e9 que le mercure va enregistrer une hausse. Les valeurs afficheront entre 23\u00b0C et 24\u00b0C. Le soir, on pr\u00e9voit des temp\u00e9ratures d&rsquo;environ 19\u00b0C. On passera de lundi \u00e0 mardi par une nuit brumeuse.<\/p>\n<p>Un bel ensoleillement est pr\u00e9vu demain \u00e0 Rennes. C&rsquo;est une hausse de quelques degr\u00e9s que vont conna\u00eetre les temp\u00e9ratures. Le mercure affichera 20\u00b0C en moyenne. Une modeste brise de nord-est sera ressentie par les habitants. Les valeurs tourneront autour des 21\u00b0C au cours de la matin\u00e9e. Les temp\u00e9ratures vont enregistrer une augmentation de plusieurs degr\u00e9s durant l&rsquo;apr\u00e8s-midi. Les valeurs s&rsquo;\u00e9chelonneront de 24 \u00e0 27\u00b0C. Dans la soir\u00e9e, les temp\u00e9ratures tourneront autour des 19\u00b0C.<\/p>\n<p>Peu de changements pour la suite. Il fera 23\u00b0C en moyenne pour des journ\u00e9es avec une m\u00e9t\u00e9o ensoleill\u00e9e.<\/p>\n<p><\/p>\n","protected":false},"excerpt":{"rendered":"C&rsquo;est un soleil radieux qui va se montrer aujourd&rsquo;hui sur Rennes. Les maximales pourront atteindre 24\u00b0C tandis que&hellip;\n","protected":false},"author":2,"featured_media":179486,"comment_status":"","ping_status":"","sticky":false,"template":"","format":"standard","meta":{"footnotes":""},"categories":[2821],"tags":[1111,11,829,1777,674,1011,27,848,12,2119,584,25],"class_list":{"0":"post-179485","1":"post","2":"type-post","3":"status-publish","4":"format-standard","5":"has-post-thumbnail","7":"category-rennes","8":"tag-actu","9":"tag-actualites","10":"tag-bretagne","11":"tag-eu","12":"tag-europe","13":"tag-fr","14":"tag-france","15":"tag-ille-et-vilaine","16":"tag-news","17":"tag-previsions-meteo","18":"tag-rennes","19":"tag-republique-francaise"},"share_on_mastodon":{"url":"https:\/\/pubeurope.com\/@fr\/114689975440501478","error":""},"_links":{"self":[{"href":"https:\/\/www.europesays.com\/fr\/wp-json\/wp\/v2\/posts\/179485","targetHints":{"allow":["GET"]}}],"collection":[{"href":"https:\/\/www.europesays.com\/fr\/wp-json\/wp\/v2\/posts"}],"about":[{"href":"https:\/\/www.europesays.com\/fr\/wp-json\/wp\/v2\/types\/post"}],"author":[{"embeddable":true,"href":"https:\/\/www.europesays.com\/fr\/wp-json\/wp\/v2\/users\/2"}],"replies":[{"embeddable":true,"href":"https:\/\/www.europesays.com\/fr\/wp-json\/wp\/v2\/comments?post=179485"}],"version-history":[{"count":0,"href":"https:\/\/www.europesays.com\/fr\/wp-json\/wp\/v2\/posts\/179485\/revisions"}],"wp:featuredmedia":[{"embeddable":true,"href":"https:\/\/www.europesays.com\/fr\/wp-json\/wp\/v2\/media\/179486"}],"wp:attachment":[{"href":"https:\/\/www.europesays.com\/fr\/wp-json\/wp\/v2\/media?parent=179485"}],"wp:term":[{"taxonomy":"category","embeddable":true,"href":"https:\/\/www.europesays.com\/fr\/wp-json\/wp\/v2\/categories?post=179485"},{"taxonomy":"post_tag","embeddable":true,"href":"https:\/\/www.europesays.com\/fr\/wp-json\/wp\/v2\/tags?post=179485"}],"curies":[{"name":"wp","href":"https:\/\/api.w.org\/{rel}","templated":true}]}}