{"id":179487,"date":"2025-06-15T23:28:11","date_gmt":"2025-06-15T23:28:11","guid":{"rendered":"https:\/\/www.europesays.com\/fr\/179487\/"},"modified":"2025-06-15T23:28:11","modified_gmt":"2025-06-15T23:28:11","slug":"athletisme-lannurien-en-mode-repetition-aux-departementaux-de-rennes-sport-3","status":"publish","type":"post","link":"https:\/\/www.europesays.com\/fr\/179487\/","title":{"rendered":"Athl\u00e9tisme &#8211; Lannurien, en mode r\u00e9p\u00e9tition aux d\u00e9partementaux de Rennes . Sport"},"content":{"rendered":"<p>Ce dimanche 15\u00a0juin, les athl\u00e8tes bretilliens avaient rendez-vous au stade Courtemanche \u00e0 Rennes pour aller d\u00e9crocher les titres d\u00e9partementaux. Seule ombre au tableau, le manque d\u2019int\u00e9r\u00eat des athl\u00e8tes dit de haut niveau, qui pr\u00e9f\u00e8rent arpenter les meetings plus important, notamment dans la qu\u00eate de minima.<\/p>\n<p>\u00c0 3\u00a0semaines, des championnats de France &#8230;<\/p>\n<p>\u00a0<\/p>\n","protected":false},"excerpt":{"rendered":"Ce dimanche 15\u00a0juin, les athl\u00e8tes bretilliens avaient rendez-vous au stade Courtemanche \u00e0 Rennes pour aller d\u00e9crocher les titres&hellip;\n","protected":false},"author":2,"featured_media":179245,"comment_status":"","ping_status":"","sticky":false,"template":"","format":"standard","meta":{"footnotes":""},"categories":[2821],"tags":[1111,11,3809,1465,829,1777,674,63,1011,27,4044,1792,1922,12,584,25,479,517,1470],"class_list":{"0":"post-179487","1":"post","2":"type-post","3":"status-publish","4":"format-standard","5":"has-post-thumbnail","7":"category-rennes","8":"tag-actu","9":"tag-actualites","10":"tag-ball","11":"tag-basket","12":"tag-bretagne","13":"tag-eu","14":"tag-europe","15":"tag-football","16":"tag-fr","17":"tag-france","18":"tag-guingamp","19":"tag-handball","20":"tag-info","21":"tag-news","22":"tag-rennes","23":"tag-republique-francaise","24":"tag-rugby","25":"tag-sport","26":"tag-volley"},"share_on_mastodon":{"url":"https:\/\/pubeurope.com\/@fr\/114689979355744710","error":""},"_links":{"self":[{"href":"https:\/\/www.europesays.com\/fr\/wp-json\/wp\/v2\/posts\/179487","targetHints":{"allow":["GET"]}}],"collection":[{"href":"https:\/\/www.europesays.com\/fr\/wp-json\/wp\/v2\/posts"}],"about":[{"href":"https:\/\/www.europesays.com\/fr\/wp-json\/wp\/v2\/types\/post"}],"author":[{"embeddable":true,"href":"https:\/\/www.europesays.com\/fr\/wp-json\/wp\/v2\/users\/2"}],"replies":[{"embeddable":true,"href":"https:\/\/www.europesays.com\/fr\/wp-json\/wp\/v2\/comments?post=179487"}],"version-history":[{"count":0,"href":"https:\/\/www.europesays.com\/fr\/wp-json\/wp\/v2\/posts\/179487\/revisions"}],"wp:featuredmedia":[{"embeddable":true,"href":"https:\/\/www.europesays.com\/fr\/wp-json\/wp\/v2\/media\/179245"}],"wp:attachment":[{"href":"https:\/\/www.europesays.com\/fr\/wp-json\/wp\/v2\/media?parent=179487"}],"wp:term":[{"taxonomy":"category","embeddable":true,"href":"https:\/\/www.europesays.com\/fr\/wp-json\/wp\/v2\/categories?post=179487"},{"taxonomy":"post_tag","embeddable":true,"href":"https:\/\/www.europesays.com\/fr\/wp-json\/wp\/v2\/tags?post=179487"}],"curies":[{"name":"wp","href":"https:\/\/api.w.org\/{rel}","templated":true}]}}