{"id":179496,"date":"2025-06-15T23:33:08","date_gmt":"2025-06-15T23:33:08","guid":{"rendered":"https:\/\/www.europesays.com\/fr\/179496\/"},"modified":"2025-06-15T23:33:08","modified_gmt":"2025-06-15T23:33:08","slug":"previsions-du-lundi-16-juin-2025-3","status":"publish","type":"post","link":"https:\/\/www.europesays.com\/fr\/179496\/","title":{"rendered":"pr\u00e9visions du lundi 16 juin 2025"},"content":{"rendered":"<p>Un magnifique soleil brillera sur Nantes, o\u00f9 la journ\u00e9e s&rsquo;annoncera des plus agr\u00e9ables. Les valeurs s&rsquo;\u00e9chelonneront entre 10\u00b0C et 26\u00b0C. Un vent de nord-est soufflera l\u00e9g\u00e8rement, avec 11 km\/h. Dans la matin\u00e9e, les temp\u00e9ratures tourneront autour des 19\u00b0C. Les valeurs vont conna\u00eetre une hausse de plusieurs degr\u00e9s dans l&rsquo;apr\u00e8s-midi. Les maximales pourront atteindre 26\u00b0C alors que les minimales seront de 24\u00b0C. Le passage de lundi \u00e0 mardi s&rsquo;effectuera sous un ciel d\u00e9pourvu de nuages.<\/p>\n<p>Demain, les Nantais vont pouvoir b\u00e9n\u00e9ficier d&rsquo;un soleil radieux. C&rsquo;est une hausse de quelques degr\u00e9s que vont enregistrer les temp\u00e9ratures. Ces valeurs afficheront entre 13 et 29\u00b0C. Un vent de nord-est rafra\u00eechira un peu l&rsquo;atmosph\u00e8re. Les temp\u00e9ratures vont conna\u00eetre une augmentation de plusieurs degr\u00e9s durant l&rsquo;apr\u00e8s-midi. Les valeurs seront comprises entre 27 et 29\u00b0C. Demain soir, on anticipe des temp\u00e9ratures avoisinant 24\u00b0C.<\/p>\n<p>Les jours suivants s&rsquo;annoncent similaires. Il fera 24\u00b0C en moyenne pour des journ\u00e9es avec une m\u00e9t\u00e9o ensoleill\u00e9e.<\/p>\n<p><\/p>\n","protected":false},"excerpt":{"rendered":"Un magnifique soleil brillera sur Nantes, o\u00f9 la journ\u00e9e s&rsquo;annoncera des plus agr\u00e9ables. Les valeurs s&rsquo;\u00e9chelonneront entre 10\u00b0C&hellip;\n","protected":false},"author":2,"featured_media":179497,"comment_status":"","ping_status":"","sticky":false,"template":"","format":"standard","meta":{"footnotes":""},"categories":[2818],"tags":[1111,11,1777,674,1011,27,3047,766,12,2636,2119,25],"class_list":{"0":"post-179496","1":"post","2":"type-post","3":"status-publish","4":"format-standard","5":"has-post-thumbnail","7":"category-nantes","8":"tag-actu","9":"tag-actualites","10":"tag-eu","11":"tag-europe","12":"tag-fr","13":"tag-france","14":"tag-loire-atlantique","15":"tag-nantes","16":"tag-news","17":"tag-pays-de-la-loire","18":"tag-previsions-meteo","19":"tag-republique-francaise"},"share_on_mastodon":{"url":"https:\/\/pubeurope.com\/@fr\/114689999083135721","error":""},"_links":{"self":[{"href":"https:\/\/www.europesays.com\/fr\/wp-json\/wp\/v2\/posts\/179496","targetHints":{"allow":["GET"]}}],"collection":[{"href":"https:\/\/www.europesays.com\/fr\/wp-json\/wp\/v2\/posts"}],"about":[{"href":"https:\/\/www.europesays.com\/fr\/wp-json\/wp\/v2\/types\/post"}],"author":[{"embeddable":true,"href":"https:\/\/www.europesays.com\/fr\/wp-json\/wp\/v2\/users\/2"}],"replies":[{"embeddable":true,"href":"https:\/\/www.europesays.com\/fr\/wp-json\/wp\/v2\/comments?post=179496"}],"version-history":[{"count":0,"href":"https:\/\/www.europesays.com\/fr\/wp-json\/wp\/v2\/posts\/179496\/revisions"}],"wp:featuredmedia":[{"embeddable":true,"href":"https:\/\/www.europesays.com\/fr\/wp-json\/wp\/v2\/media\/179497"}],"wp:attachment":[{"href":"https:\/\/www.europesays.com\/fr\/wp-json\/wp\/v2\/media?parent=179496"}],"wp:term":[{"taxonomy":"category","embeddable":true,"href":"https:\/\/www.europesays.com\/fr\/wp-json\/wp\/v2\/categories?post=179496"},{"taxonomy":"post_tag","embeddable":true,"href":"https:\/\/www.europesays.com\/fr\/wp-json\/wp\/v2\/tags?post=179496"}],"curies":[{"name":"wp","href":"https:\/\/api.w.org\/{rel}","templated":true}]}}