{"id":179502,"date":"2025-06-15T23:36:10","date_gmt":"2025-06-15T23:36:10","guid":{"rendered":"https:\/\/www.europesays.com\/fr\/179502\/"},"modified":"2025-06-15T23:36:10","modified_gmt":"2025-06-15T23:36:10","slug":"previsions-du-lundi-16-juin-2025-4","status":"publish","type":"post","link":"https:\/\/www.europesays.com\/fr\/179502\/","title":{"rendered":"pr\u00e9visions du lundi 16 juin 2025"},"content":{"rendered":"<p>La journ\u00e9e qui s&rsquo;annonce \u00e0 Bordeaux, promet d&rsquo;\u00eatre superbe et ensoleill\u00e9e ! Il va faire en moyenne 21\u00b0C. Une petite brise de nord-est soufflera. Les valeurs seront de 21\u00b0C dans la matin\u00e9e. Les temp\u00e9ratures vont monter pendant l&rsquo;apr\u00e8s-midi de plusieurs degr\u00e9s. Les valeurs afficheront entre 26 et 28\u00b0C. C&rsquo;est un ciel limpide que conna\u00eetra la nuit de lundi \u00e0 mardi.<\/p>\n<p>C&rsquo;est un soleil magnifique qui va briller demain sur Bordeaux. Un temps plus chaud est attendu puisque les temp\u00e9ratures vont enregistrer une augmentation. L&rsquo;\u00e9pisode d&rsquo;importantes chaleurs est bien l\u00e0, avec des valeurs qui risqueront d&rsquo;aller \u00e0 31\u00b0C. Les temp\u00e9ratures seront comprises entre 15 et 31\u00b0C. Un vent de nord-est rafra\u00eechira quelque peu l&rsquo;atmosph\u00e8re. Le matin, le mercure affichera 23\u00b0C en moyenne. Demain apr\u00e8s-midi, c&rsquo;est une hausse de plusieurs degr\u00e9s que vont conna\u00eetre les temp\u00e9ratures. Prenez garde \u00e0 la vague de chaleur. Des valeurs de 29 \u00e0 31\u00b0C sont pr\u00e9vues. Les temp\u00e9ratures seront de 29\u00b0C au minimum et de 31\u00b0C au plus haut.<\/p>\n<p>Pour les jours \u00e0 venir, la m\u00e9t\u00e9o ne bougera pas. Des temp\u00e9ratures dans les 27\u00b0C iront de pair avec un ciel ensoleill\u00e9.<\/p>\n<p><\/p>\n","protected":false},"excerpt":{"rendered":"La journ\u00e9e qui s&rsquo;annonce \u00e0 Bordeaux, promet d&rsquo;\u00eatre superbe et ensoleill\u00e9e ! Il va faire en moyenne 21\u00b0C.&hellip;\n","protected":false},"author":2,"featured_media":179503,"comment_status":"","ping_status":"","sticky":false,"template":"","format":"standard","meta":{"footnotes":""},"categories":[2817],"tags":[1111,11,3177,1997,1777,674,1011,27,2905,12,2219,2119,25],"class_list":{"0":"post-179502","1":"post","2":"type-post","3":"status-publish","4":"format-standard","5":"has-post-thumbnail","7":"category-bordeaux","8":"tag-actu","9":"tag-actualites","10":"tag-aquitaine","11":"tag-bordeaux","12":"tag-eu","13":"tag-europe","14":"tag-fr","15":"tag-france","16":"tag-gironde","17":"tag-news","18":"tag-nouvelle-aquitaine","19":"tag-previsions-meteo","20":"tag-republique-francaise"},"share_on_mastodon":{"url":"https:\/\/pubeurope.com\/@fr\/114690010879597934","error":""},"_links":{"self":[{"href":"https:\/\/www.europesays.com\/fr\/wp-json\/wp\/v2\/posts\/179502","targetHints":{"allow":["GET"]}}],"collection":[{"href":"https:\/\/www.europesays.com\/fr\/wp-json\/wp\/v2\/posts"}],"about":[{"href":"https:\/\/www.europesays.com\/fr\/wp-json\/wp\/v2\/types\/post"}],"author":[{"embeddable":true,"href":"https:\/\/www.europesays.com\/fr\/wp-json\/wp\/v2\/users\/2"}],"replies":[{"embeddable":true,"href":"https:\/\/www.europesays.com\/fr\/wp-json\/wp\/v2\/comments?post=179502"}],"version-history":[{"count":0,"href":"https:\/\/www.europesays.com\/fr\/wp-json\/wp\/v2\/posts\/179502\/revisions"}],"wp:featuredmedia":[{"embeddable":true,"href":"https:\/\/www.europesays.com\/fr\/wp-json\/wp\/v2\/media\/179503"}],"wp:attachment":[{"href":"https:\/\/www.europesays.com\/fr\/wp-json\/wp\/v2\/media?parent=179502"}],"wp:term":[{"taxonomy":"category","embeddable":true,"href":"https:\/\/www.europesays.com\/fr\/wp-json\/wp\/v2\/categories?post=179502"},{"taxonomy":"post_tag","embeddable":true,"href":"https:\/\/www.europesays.com\/fr\/wp-json\/wp\/v2\/tags?post=179502"}],"curies":[{"name":"wp","href":"https:\/\/api.w.org\/{rel}","templated":true}]}}