{"id":179504,"date":"2025-06-15T23:37:09","date_gmt":"2025-06-15T23:37:09","guid":{"rendered":"https:\/\/www.europesays.com\/fr\/179504\/"},"modified":"2025-06-15T23:37:09","modified_gmt":"2025-06-15T23:37:09","slug":"previsions-du-lundi-16-juin-2025-5","status":"publish","type":"post","link":"https:\/\/www.europesays.com\/fr\/179504\/","title":{"rendered":"pr\u00e9visions du lundi 16 juin 2025"},"content":{"rendered":"<p>Toulouse va \u00eatre baign\u00e9e de soleil durant cette journ\u00e9e. Les valeurs afficheront entre 15 et 28\u00b0C. Un vent de nord-ouest soufflera doucement. Les temp\u00e9ratures vont enregistrer une augmentation de plusieurs degr\u00e9s pendant l&rsquo;apr\u00e8s-midi. Les valeurs s&rsquo;\u00e9chelonneront de 26 \u00e0 28\u00b0C. On passera de lundi \u00e0 mardi par une nuit claire.<\/p>\n<p>Un bel ensoleillement est attendu demain \u00e0 Toulouse. Prenez garde \u00e0 la vague de chaleur. Des valeurs de 14 \u00e0 30\u00b0C sont attendues. Il va faire environ 22\u00b0C. Un vent de nord-ouest rafra\u00eechira sensiblement l&rsquo;atmosph\u00e8re. Le matin, on pr\u00e9voit des temp\u00e9ratures avoisinant 23\u00b0C. Les valeurs vont conna\u00eetre une hausse de plusieurs degr\u00e9s dans l&rsquo;apr\u00e8s-midi. Les valeurs maximums pr\u00e9vues sont \u00e9lev\u00e9es, avec 30\u00b0C. Les temp\u00e9ratures seront de 29\u00b0C au plus bas et de 30\u00b0C au plus haut. Dans la soir\u00e9e, les temp\u00e9ratures seront de 25\u00b0C.<\/p>\n<p>Le temps restera inchang\u00e9 les jours \u00e0 venir. Le temps sera ensoleill\u00e9 avec des temp\u00e9ratures autour de 26\u00b0C.<\/p>\n<p><\/p>\n","protected":false},"excerpt":{"rendered":"Toulouse va \u00eatre baign\u00e9e de soleil durant cette journ\u00e9e. Les valeurs afficheront entre 15 et 28\u00b0C. Un vent&hellip;\n","protected":false},"author":2,"featured_media":179505,"comment_status":"","ping_status":"","sticky":false,"template":"","format":"standard","meta":{"footnotes":""},"categories":[2816],"tags":[1111,11,1777,674,1011,27,12,2680,2119,25,2312],"class_list":{"0":"post-179504","1":"post","2":"type-post","3":"status-publish","4":"format-standard","5":"has-post-thumbnail","7":"category-toulouse","8":"tag-actu","9":"tag-actualites","10":"tag-eu","11":"tag-europe","12":"tag-fr","13":"tag-france","14":"tag-news","15":"tag-occitanie","16":"tag-previsions-meteo","17":"tag-republique-francaise","18":"tag-toulouse"},"share_on_mastodon":{"url":"https:\/\/pubeurope.com\/@fr\/114690014833852591","error":""},"_links":{"self":[{"href":"https:\/\/www.europesays.com\/fr\/wp-json\/wp\/v2\/posts\/179504","targetHints":{"allow":["GET"]}}],"collection":[{"href":"https:\/\/www.europesays.com\/fr\/wp-json\/wp\/v2\/posts"}],"about":[{"href":"https:\/\/www.europesays.com\/fr\/wp-json\/wp\/v2\/types\/post"}],"author":[{"embeddable":true,"href":"https:\/\/www.europesays.com\/fr\/wp-json\/wp\/v2\/users\/2"}],"replies":[{"embeddable":true,"href":"https:\/\/www.europesays.com\/fr\/wp-json\/wp\/v2\/comments?post=179504"}],"version-history":[{"count":0,"href":"https:\/\/www.europesays.com\/fr\/wp-json\/wp\/v2\/posts\/179504\/revisions"}],"wp:featuredmedia":[{"embeddable":true,"href":"https:\/\/www.europesays.com\/fr\/wp-json\/wp\/v2\/media\/179505"}],"wp:attachment":[{"href":"https:\/\/www.europesays.com\/fr\/wp-json\/wp\/v2\/media?parent=179504"}],"wp:term":[{"taxonomy":"category","embeddable":true,"href":"https:\/\/www.europesays.com\/fr\/wp-json\/wp\/v2\/categories?post=179504"},{"taxonomy":"post_tag","embeddable":true,"href":"https:\/\/www.europesays.com\/fr\/wp-json\/wp\/v2\/tags?post=179504"}],"curies":[{"name":"wp","href":"https:\/\/api.w.org\/{rel}","templated":true}]}}