{"id":179508,"date":"2025-06-15T23:39:09","date_gmt":"2025-06-15T23:39:09","guid":{"rendered":"https:\/\/www.europesays.com\/fr\/179508\/"},"modified":"2025-06-15T23:39:09","modified_gmt":"2025-06-15T23:39:09","slug":"previsions-du-lundi-16-juin-2025-6","status":"publish","type":"post","link":"https:\/\/www.europesays.com\/fr\/179508\/","title":{"rendered":"pr\u00e9visions du lundi 16 juin 2025"},"content":{"rendered":"<p>Aujourd&rsquo;hui, un grand soleil rayonnera sur Lille. Les valeurs s&rsquo;\u00e9chelonneront entre 12\u00b0C et 23\u00b0C. Une l\u00e9g\u00e8re brise de nord-ouest soufflera. Les temp\u00e9ratures seront de 22\u00b0C au minimum et de 23\u00b0C au maximum l&rsquo;apr\u00e8s-midi. Le soir, le thermom\u00e8tre affichera 20\u00b0C en moyenne. Une nuit claire vous attendra entre lundi et mardi.<\/p>\n<p>Un bel ensoleillement est pr\u00e9vu demain \u00e0 Lille. Un temps plus chaud est attendu \u00e9tant donn\u00e9 que les temp\u00e9ratures vont conna\u00eetre une hausse. Il va faire 20\u00b0C en moyenne. Un modeste vent de nord-ouest sera ressenti par les habitants. Les valeurs avoisineront les 21\u00b0C dans la matin\u00e9e. Les temp\u00e9ratures vont grimper pendant l&rsquo;apr\u00e8s-midi de plusieurs degr\u00e9s. Les valeurs seront comprises entre 26 et 27\u00b0C.<\/p>\n<p>Les jours se suivent et ne changent pas. Une m\u00e9t\u00e9o ensoleill\u00e9e, avec des temp\u00e9ratures de 21\u00b0C environ, est pr\u00e9vue.<\/p>\n<p><\/p>\n","protected":false},"excerpt":{"rendered":"Aujourd&rsquo;hui, un grand soleil rayonnera sur Lille. Les valeurs s&rsquo;\u00e9chelonneront entre 12\u00b0C et 23\u00b0C. Une l\u00e9g\u00e8re brise de&hellip;\n","protected":false},"author":2,"featured_media":179509,"comment_status":"","ping_status":"","sticky":false,"template":"","format":"standard","meta":{"footnotes":""},"categories":[2815],"tags":[1111,11,1777,674,1011,27,811,1307,12,1308,1309,2119,25],"class_list":{"0":"post-179508","1":"post","2":"type-post","3":"status-publish","4":"format-standard","5":"has-post-thumbnail","7":"category-lille","8":"tag-actu","9":"tag-actualites","10":"tag-eu","11":"tag-europe","12":"tag-fr","13":"tag-france","14":"tag-hauts-de-france","15":"tag-lille","16":"tag-news","17":"tag-nord","18":"tag-nord-pas-de-calais","19":"tag-previsions-meteo","20":"tag-republique-francaise"},"share_on_mastodon":{"url":"https:\/\/pubeurope.com\/@fr\/114690022704409746","error":""},"_links":{"self":[{"href":"https:\/\/www.europesays.com\/fr\/wp-json\/wp\/v2\/posts\/179508","targetHints":{"allow":["GET"]}}],"collection":[{"href":"https:\/\/www.europesays.com\/fr\/wp-json\/wp\/v2\/posts"}],"about":[{"href":"https:\/\/www.europesays.com\/fr\/wp-json\/wp\/v2\/types\/post"}],"author":[{"embeddable":true,"href":"https:\/\/www.europesays.com\/fr\/wp-json\/wp\/v2\/users\/2"}],"replies":[{"embeddable":true,"href":"https:\/\/www.europesays.com\/fr\/wp-json\/wp\/v2\/comments?post=179508"}],"version-history":[{"count":0,"href":"https:\/\/www.europesays.com\/fr\/wp-json\/wp\/v2\/posts\/179508\/revisions"}],"wp:featuredmedia":[{"embeddable":true,"href":"https:\/\/www.europesays.com\/fr\/wp-json\/wp\/v2\/media\/179509"}],"wp:attachment":[{"href":"https:\/\/www.europesays.com\/fr\/wp-json\/wp\/v2\/media?parent=179508"}],"wp:term":[{"taxonomy":"category","embeddable":true,"href":"https:\/\/www.europesays.com\/fr\/wp-json\/wp\/v2\/categories?post=179508"},{"taxonomy":"post_tag","embeddable":true,"href":"https:\/\/www.europesays.com\/fr\/wp-json\/wp\/v2\/tags?post=179508"}],"curies":[{"name":"wp","href":"https:\/\/api.w.org\/{rel}","templated":true}]}}