{"id":179510,"date":"2025-06-15T23:40:51","date_gmt":"2025-06-15T23:40:51","guid":{"rendered":"https:\/\/www.europesays.com\/fr\/179510\/"},"modified":"2025-06-15T23:40:51","modified_gmt":"2025-06-15T23:40:51","slug":"bordeaux-et-lille-accueilleront-les-tricolores","status":"publish","type":"post","link":"https:\/\/www.europesays.com\/fr\/179510\/","title":{"rendered":"Bordeaux et Lille accueilleront les Tricolores"},"content":{"rendered":"<p class=\"article__meta mt-lg-6\">\u00c9quipes de France13\/06\/2025<\/p>\n<p><img decoding=\"async\" src=\"https:\/\/www.europesays.com\/fr\/wp-content\/uploads\/2025\/06\/lille.jpg\" alt=\"Illustration de Bordeaux et Lille accueilleront les Tricolores\"\/><a class=\"btn btn--icon btn--icon btn--medium\" href=\"https:\/\/www.ffr.fr\/actualites\/equipes-de-france\/bordeaux-et-lille-accueilleront-les-tricolores\" target=\"_blank\" rel=\"noopener\"><\/a>ligue<\/p>\n<p class=\"ft-h5 ft-truncat\">Bordeaux et Lille accueilleront les Tricolores<\/p>\n<p>D\u00e9termin\u00e9e \u00e0 faire vibrer tout le territoire,\u00a0la F\u00e9d\u00e9ration Fran\u00e7aise de Rugby (FFR) multiplie les matchs en r\u00e9gion\u00a0\u00a0: une volont\u00e9 claire de rapprocher les Bleu(e)s de tous leurs supporters, partout en France.\u00a0<\/p>\n<p>La ville de Bordeaux\u00a0accueillera au Stade Atlantique Bordeaux M\u00e9tropole deux rencontres des XV de France\u00a0:\u00a0<\/p>\n<ul class=\"wp-block-list list\">\n<li><strong>XV de France masculin\u00a0(Autumn Nations Series 2025)<\/strong>\u00a0: France \u2013 Fidji, le samedi 15 novembre (21h10)\u00a0<\/li>\n<li><strong>XV de France f\u00e9minin\u00a0(Tournoi des Six Nations 2026)<\/strong>\u00a0: France \u2013 Angleterre, le samedi 17 mai (17h45)<\/li>\n<\/ul>\n<p>Choisir d\u2019organiser ce match du XV de France F\u00e9minin dans une enceinte de 42 000 places est un choix fort\u00a0: jamais une \u00e9quipe de France f\u00e9minine n\u2019avait jou\u00e9 dans une telle jauge sur le sol fran\u00e7ais.\u00a0<\/p>\n<p>\u00c0 Lille, le XV de France masculin et l\u2019\u00e9quipe de France moins 20 ans joueront le m\u00eame week-end lors du Tournoi des Six Nations 2026 face au m\u00eame adversaire, l\u2019Italie\u00a0:\u00a0<\/p>\n<ul class=\"wp-block-list list\">\n<li><strong>France moins 20 ans<\/strong>\u00a0\u00a0:\u00a0France \u2013 Italie, le week-end du 21-22 f\u00e9vrier\u00a0\u00a0: Stadium Lille M\u00e9tropole<\/li>\n<li><strong>XV de France masculin<\/strong>\u00a0\u00a0: France \u2013 Italie, le dimanche 22 f\u00e9vrier \u00e0 16h10\u00a0: Decathlon Arena \u2013 Pierre Mauroy<\/li>\n<\/ul>\n<p>Les Equipes de France auront l\u2019occasion d\u2019aller\u00a0\u00e0 la rencontre de leurs publics \u00e0 Bordeaux et \u00e0 Lille, deux villes qui ont d\u00e9j\u00e0 prouv\u00e9 leur attachement au rugby en accueillant des matchs \u00e0 guichets ferm\u00e9s ces derni\u00e8res ann\u00e9es et o\u00f9 la ferveur des supporters est toujours au rendez-vous !\u00a0\u00a0<\/p>\n<p>Deux packs billetterie\u00a0seront tr\u00e8s prochainement mis en vente pour ces quatre rencontres\u00a0:\u00a0<\/p>\n<ul class=\"wp-block-list list\">\n<li><strong>Pack Bordeaux<\/strong>\u00a0\u00a0: France \u2013 Fidji (XV de France masculin) \/ France \u2013 Angleterre (XV de France f\u00e9minin)<\/li>\n<li><strong>Pack Lille<\/strong>\u00a0\u00a0: France \u2013 Italie (XV de France masculin) \/ France \u2013 Italie (France moins 20 ans)<\/li>\n<\/ul>\n<p><a href=\"https:\/\/www.ffr.fr\/auteurs\/la-redaction\" class=\"block-auteur\" itemscope=\"\" itemtype=\"https:\/\/schema.org\/Person\" target=\"_blank\" rel=\"noopener\"><img decoding=\"async\" src=\"https:\/\/www.europesays.com\/fr\/wp-content\/uploads\/2025\/06\/logo_FRANCE_RUGBY_corpo_2coul-Fond-blanc-cmjn-1-1-96x96.png\" alt=\"\" itemprop=\"image\" class=\"block-auteur__profile\"\/><\/p>\n<p>La R\u00e9daction<\/p>\n<p><\/a><\/p>\n","protected":false},"excerpt":{"rendered":"\u00c9quipes de France13\/06\/2025 ligue Bordeaux et Lille accueilleront les Tricolores D\u00e9termin\u00e9e \u00e0 faire vibrer tout le territoire,\u00a0la F\u00e9d\u00e9ration&hellip;\n","protected":false},"author":2,"featured_media":179511,"comment_status":"","ping_status":"","sticky":false,"template":"","format":"standard","meta":{"footnotes":""},"categories":[2815],"tags":[1111,11,31639,1777,674,1011,27,811,1307,12,25,13169,31640],"class_list":{"0":"post-179510","1":"post","2":"type-post","3":"status-publish","4":"format-standard","5":"has-post-thumbnail","7":"category-lille","8":"tag-actu","9":"tag-actualites","10":"tag-autumn-nations-series","11":"tag-eu","12":"tag-europe","13":"tag-fr","14":"tag-france","15":"tag-hauts-de-france","16":"tag-lille","17":"tag-news","18":"tag-republique-francaise","19":"tag-tournoi-des-six-nations","20":"tag-xv-de-france-masculin"},"share_on_mastodon":{"url":"https:\/\/pubeurope.com\/@fr\/114690030805173409","error":""},"_links":{"self":[{"href":"https:\/\/www.europesays.com\/fr\/wp-json\/wp\/v2\/posts\/179510","targetHints":{"allow":["GET"]}}],"collection":[{"href":"https:\/\/www.europesays.com\/fr\/wp-json\/wp\/v2\/posts"}],"about":[{"href":"https:\/\/www.europesays.com\/fr\/wp-json\/wp\/v2\/types\/post"}],"author":[{"embeddable":true,"href":"https:\/\/www.europesays.com\/fr\/wp-json\/wp\/v2\/users\/2"}],"replies":[{"embeddable":true,"href":"https:\/\/www.europesays.com\/fr\/wp-json\/wp\/v2\/comments?post=179510"}],"version-history":[{"count":0,"href":"https:\/\/www.europesays.com\/fr\/wp-json\/wp\/v2\/posts\/179510\/revisions"}],"wp:featuredmedia":[{"embeddable":true,"href":"https:\/\/www.europesays.com\/fr\/wp-json\/wp\/v2\/media\/179511"}],"wp:attachment":[{"href":"https:\/\/www.europesays.com\/fr\/wp-json\/wp\/v2\/media?parent=179510"}],"wp:term":[{"taxonomy":"category","embeddable":true,"href":"https:\/\/www.europesays.com\/fr\/wp-json\/wp\/v2\/categories?post=179510"},{"taxonomy":"post_tag","embeddable":true,"href":"https:\/\/www.europesays.com\/fr\/wp-json\/wp\/v2\/tags?post=179510"}],"curies":[{"name":"wp","href":"https:\/\/api.w.org\/{rel}","templated":true}]}}