{"id":179512,"date":"2025-06-15T23:41:14","date_gmt":"2025-06-15T23:41:14","guid":{"rendered":"https:\/\/www.europesays.com\/fr\/179512\/"},"modified":"2025-06-15T23:41:14","modified_gmt":"2025-06-15T23:41:14","slug":"pres-de-marseille-letang-de-berre-victime-de-pollution-baignade-interdite-ce-quil-se-passe","status":"publish","type":"post","link":"https:\/\/www.europesays.com\/fr\/179512\/","title":{"rendered":"Pr\u00e8s de Marseille, l&rsquo;\u00c9tang de Berre victime de \u00ab\u00a0pollution\u00a0\u00bb, baignade interdite : ce qu&rsquo;il se passe"},"content":{"rendered":"<p>            Par<br \/>\n        <strong><br \/>\n            <a href=\"https:\/\/actu.fr\/auteur\/fabien-binacchi\" title=\"Consulter tous les articles de Fabien Binacchi\" target=\"_blank\" rel=\"noopener\">Fabien Binacchi<\/a><br \/>\n        <\/strong><\/p>\n<p>        Publi\u00e9 le<\/p>\n<p>            15 juin 2025 \u00e0 9h18<br \/>\n        ; mis \u00e0 jour le 15 juin 2025 \u00e0 13h30    <\/p>\n<p>Ce dimanche 15\u00a0juin 2025, la pr\u00e9fecture des <a href=\"https:\/\/actu.fr\/provence-alpes-cote-d-azur\/bouches-du-rhone_13\" target=\"_blank\" rel=\"noopener\">Bouches-du-Rh\u00f4ne<\/a> annonce qu\u2019\u00ab\u2009une pollution de l\u2019\u00c9tang de Berre est constat\u00e9e\u2009\u00bb. Les services de l\u2019\u00c9tat pr\u00e9cisent que des \u00ab\u2009arr\u00eat\u00e9s d\u2019interdiction de baignade\u2009\u00bb sont notamment pris. Des dispositions sont \u00e9galement mises en \u0153uvre pour \u00ab\u2009limiter l\u2019extension\u2009\u00bb de la contamination. Voil\u00e0 ce qu\u2019il se passe.<\/p>\n<p>Les eaux d\u2019extinction d\u2019un incendie<\/p>\n<p class=\" wall-content\">C\u2019est une cons\u00e9quence du tr\u00e8s violent incendie qui a touch\u00e9 une usine Seveso de traitement de d\u00e9chets dangereux \u00e0 Rognac, entre samedi et ce dimanche 15\u00a0juin 2024. Si les analyses de l\u2019atmosph\u00e8re n\u2019ont \u00ab\u2009r\u00e9v\u00e9l\u00e9 aucune toxicit\u00e9\u2009\u00bb, selon la pr\u00e9fecture des Bouches-du-Rh\u00f4ne, en revanche, <strong>\u00ab\u2009une pollution de l\u2019\u00e9tang de Berre est constat\u00e9e\u2009\u00bb,<\/strong> a-t-elle pr\u00e9cis\u00e9 dans un communiqu\u00e9.<\/p>\n<p class=\" wall-content\">En cause\u2009: \u00ab\u2009<strong>les eaux d\u2019extinction de l\u2019incendie<\/strong> qui n\u2019ont pu \u00eatre contenues par le bassin de r\u00e9tention de l\u2019exploitant\u2009\u00bb, la soci\u00e9t\u00e9 Spur environnement. La lagune est situ\u00e9e \u00e0 environ 500m de ce site industriel.<\/p>\n<p>    <a href=\"https:\/\/www.google.com\/maps\/embed?pb=!1m18!1m12!1m3!1d3824.135554489582!2d5.2044165475897!3d43.4932745964692!2m3!1f0!2f0!3f0!3m2!1i1024!2i768!4f13.1!3m3!1m2!1s0x12c9e5695f461b5f%3A0x8890861c5aacf00c!2sSPUR%20Environnement%20(Rognac)%20%7C%20SARPI-VEOLIA!5e1!3m2!1sfr!2sfr!4v1749971340014!5m2!1sfr!2sfr\" title=\"Ouvrie le lien\" target=\"_blank\" rel=\"noopener\">Cliquez ici pour visualiser le contenu<\/a><\/p>\n<p>Quel impact sur la baignade\u2009?<\/p>\n<p class=\" wall-content\">Le Service d\u00e9partemental d\u2019incendie et de secours proc\u00e8de \u00e0 <strong>la pose de barrages pour limiter la pollution.<\/strong> Les autorit\u00e9s indiquent qu\u2019une \u00e9valuation de la pollution est r\u00e9alis\u00e9e conjointement avec des analyses de l\u2019eau<\/p>\n<p class=\" wall-content\">Mais alors quel impact sur les activit\u00e9s dans et autour de l\u2019\u00e9tang\u2009? \u00ab\u2009Par pr\u00e9caution, des arr\u00eat\u00e9s pr\u00e9fectoraux sont pris afin <strong>d\u2019interdire la baignade et les loisirs nautiques, la navigation de plaisance, la p\u00eache de loisirs et professionnelle et le ramassage de coquillages<\/strong> jusqu\u2019au mercredi 18\u00a0juin \u00e0 minuit sur l\u2019ensemble du rivage de l\u2019\u00e9tang de Berre\u2009\u00bb.<\/p>\n<p class=\" wall-content\">Dix communes sont concern\u00e9es\u2009:<\/p>\n<ul class=\" wall-content\">\n<li>Rognac<\/li>\n<li>Berre<\/li>\n<li>Saint-Chamas<\/li>\n<li>Miramas<\/li>\n<li>Istres<\/li>\n<li>Saint-Mitre-Les-Remparts<\/li>\n<li>Ch\u00e2teau neuf-les-Martigues<\/li>\n<li>Marignane<\/li>\n<li>Vitrolles.<\/li>\n<\/ul>\n<p>Un entrep\u00f4t de d\u00e9chets dangereux<\/p>\n<p class=\" wall-content\">Un important dispositif de pompiers a \u00e9t\u00e9 d\u00e9ploy\u00e9 d\u00e8s 19h30, ce samedi 14\u00a0juin, dans des entrep\u00f4ts d\u2019une filiale du groupe Sarpi Veolia, sp\u00e9cialiste du traitement des d\u00e9chets dangereux, victimes d\u2019un tr\u00e8s violent incendie. Le site g\u00e8re notamment des <strong>\u00ab\u2009pots de peinture, solvants, a\u00e9rosols\u2009\u00bb<\/strong>, indique la pr\u00e9fecture.<\/p>\n<p class=\" wall-content\">Le feu, qui a fait <strong>cinq bless\u00e9s l\u00e9gers,<\/strong> a \u00e9t\u00e9 d\u00e9clar\u00e9 totalement \u00e9teint ce dimanche matin.<\/p>\n<p class=\" wall-content\">\u00ab\u2009La pr\u00e9sence de suie issue des fum\u00e9es peut \u00eatre constat\u00e9e \u00e0 certains endroits\u2009\u00bb et \u00ab\u2009l\u2019Agence r\u00e9gionale de sant\u00e9 [ARS Paca] pr\u00e9conise d\u2019<strong>\u00e9viter le contact avec ces retomb\u00e9es<\/strong>\u2009\u00bb, mettent en garde les services de l\u2019\u00c9tat. <a href=\"https:\/\/x.com\/Prefet13\/status\/1934136912433778846\">Une liste de recommandations<\/a> a d\u2019ailleurs \u00e9t\u00e9 diffus\u00e9e pour proc\u00e9der \u00e0 leur nettoyage en toute s\u00e9curit\u00e9.<\/p>\n<p class=\" wall-content\">Suivez toute l\u2019actualit\u00e9 de vos villes et m\u00e9dias favoris en vous inscrivant \u00e0 <a href=\"https:\/\/moncompte.actu.fr\" title=\"D\u00e9couvez Mon Actu\" rel=\"nofollow noopener\" data-trk=\"{&quot;cta&quot;:{&quot;action&quot;:&quot;https:\\\/\\\/moncompte.actu.fr&quot;,&quot;category&quot;:&quot;mon compte&quot;,&quot;from&quot;:&quot;article footer&quot;,&quot;name&quot;:&quot;Mon actu&quot;,&quot;type&quot;:&quot;cta&quot;}}\" target=\"_blank\">Mon Actu<\/a>.<\/p>\n","protected":false},"excerpt":{"rendered":"Par Fabien Binacchi Publi\u00e9 le 15 juin 2025 \u00e0 9h18 ; mis \u00e0 jour le 15 juin 2025&hellip;\n","protected":false},"author":2,"featured_media":179513,"comment_status":"","ping_status":"","sticky":false,"template":"","format":"standard","meta":{"footnotes":""},"categories":[2814],"tags":[1111,11,1777,674,118,1011,27,1310,884,12,1800,882,25],"class_list":{"0":"post-179512","1":"post","2":"type-post","3":"status-publish","4":"format-standard","5":"has-post-thumbnail","7":"category-marseille","8":"tag-actu","9":"tag-actualites","10":"tag-eu","11":"tag-europe","12":"tag-faits-divers","13":"tag-fr","14":"tag-france","15":"tag-incendie","16":"tag-marseille","17":"tag-news","18":"tag-pollution","19":"tag-provence-alpes-cote-dazur","20":"tag-republique-francaise"},"share_on_mastodon":{"url":"https:\/\/pubeurope.com\/@fr\/114690031040210399","error":""},"_links":{"self":[{"href":"https:\/\/www.europesays.com\/fr\/wp-json\/wp\/v2\/posts\/179512","targetHints":{"allow":["GET"]}}],"collection":[{"href":"https:\/\/www.europesays.com\/fr\/wp-json\/wp\/v2\/posts"}],"about":[{"href":"https:\/\/www.europesays.com\/fr\/wp-json\/wp\/v2\/types\/post"}],"author":[{"embeddable":true,"href":"https:\/\/www.europesays.com\/fr\/wp-json\/wp\/v2\/users\/2"}],"replies":[{"embeddable":true,"href":"https:\/\/www.europesays.com\/fr\/wp-json\/wp\/v2\/comments?post=179512"}],"version-history":[{"count":0,"href":"https:\/\/www.europesays.com\/fr\/wp-json\/wp\/v2\/posts\/179512\/revisions"}],"wp:featuredmedia":[{"embeddable":true,"href":"https:\/\/www.europesays.com\/fr\/wp-json\/wp\/v2\/media\/179513"}],"wp:attachment":[{"href":"https:\/\/www.europesays.com\/fr\/wp-json\/wp\/v2\/media?parent=179512"}],"wp:term":[{"taxonomy":"category","embeddable":true,"href":"https:\/\/www.europesays.com\/fr\/wp-json\/wp\/v2\/categories?post=179512"},{"taxonomy":"post_tag","embeddable":true,"href":"https:\/\/www.europesays.com\/fr\/wp-json\/wp\/v2\/tags?post=179512"}],"curies":[{"name":"wp","href":"https:\/\/api.w.org\/{rel}","templated":true}]}}