{"id":179521,"date":"2025-06-15T23:46:11","date_gmt":"2025-06-15T23:46:11","guid":{"rendered":"https:\/\/www.europesays.com\/fr\/179521\/"},"modified":"2025-06-15T23:46:11","modified_gmt":"2025-06-15T23:46:11","slug":"premiere-edition-reussie-pour-le-master-jeunes-ile-de-france","status":"publish","type":"post","link":"https:\/\/www.europesays.com\/fr\/179521\/","title":{"rendered":"Premi\u00e8re \u00e9dition r\u00e9ussie pour le Master Jeunes \u00cele-de-France"},"content":{"rendered":"<p>La toute premi\u00e8re \u00e9dition du <strong>Master Jeunes \u00cele-de-France<\/strong> s\u2019est conclue ce week-end au <strong>Club des <\/strong>Pyramides, devant plus de <strong>130 personnes<\/strong> venues assister aux finales. Une affluence remarquable pour un \u00e9v\u00e9nement qui a rassembl\u00e9 <strong>les meilleurs jeunes joueurs de la r\u00e9gion<\/strong>, apr\u00e8s <strong>12 \u00e9tapes qualificatives organis\u00e9es depuis f\u00e9vrier<\/strong>.<\/p>\n<p><strong>Des jeunes en lumi\u00e8re, un format in\u00e9dit et des finales disput\u00e9es<\/strong><\/p>\n<p>Ce Master regroupait les <strong>trois cat\u00e9gories U14, U16 et U18<\/strong>, ouvertes \u00e0 tous les profils : <strong>paires masculines, f\u00e9minines ou mixtes<\/strong>. Une formule inclusive qui a permis de voir <strong>plusieurs jeunes filles briller<\/strong> avec <strong>une participation f\u00e9minine plus importante qu\u2019esp\u00e9r\u00e9e<\/strong> pour les organisateurs.<\/p>\n<p><strong>Les vainqueurs de cette premi\u00e8re \u00e9dition<\/strong><\/p>\n<ul class=\"wp-block-list\">\n<li><strong>U12<\/strong> : Baltasar \/ Schmidt-Sanchez dominent Garcia \/ Garcia<\/li>\n<li><strong>U14<\/strong> : Le Saux \/ Tendron s\u2019imposent face \u00e0 Dauphin \/ Meritet<\/li>\n<li><strong>U18 <\/strong>: Lang Trotoux \/ Lang Trotoux l\u2019emportent face \u00e0 Debroy \/ Barbier<\/li>\n<\/ul>\n<p><strong>Un tournoi salu\u00e9 par les institutions<\/strong><\/p>\n<p>Le tournoi, <strong>dirig\u00e9 par Fabien Le<\/strong> <strong>Saux<\/strong>, a \u00e9t\u00e9 unanimement salu\u00e9 pour son organisation. Pr\u00e9sent sur place, <strong>Germain Roesch<\/strong>, pr\u00e9sident de la Ligue \u00cele-de-France a exprim\u00e9 sa satisfaction au micro de <strong>Padel Magazine<\/strong>. Il a confirm\u00e9 qu\u2019une <strong>seconde \u00e9dition<\/strong> est <strong>d\u2019ores et d\u00e9j\u00e0 pr\u00e9vue en 2026<\/strong>, avec l\u2019objectif d\u2019<strong>\u00e9tendre le circuit \u00e0 encore plus d\u2019\u00e9tapes<\/strong>.<\/p>\n<p><img loading=\"lazy\" decoding=\"async\" data-del=\"avatar\" alt=\"Benjamin Dupouy\" src=\"https:\/\/www.europesays.com\/fr\/wp-content\/uploads\/2025\/04\/IMG_5219-150x150.jpg\" class=\"avatar pp-user-avatar avatar-100 photo \" height=\"100\" width=\"100\"\/><\/p>\n<p>J\u2019ai d\u00e9couvert le padel directement lors d\u2019un tournoi, et franchement, je n\u2019ai pas trop accroch\u00e9 au d\u00e9but. Mais la deuxi\u00e8me fois, \u00e7a a \u00e9t\u00e9 le coup de foudre, et depuis, je ne rate plus un seul match. Je suis m\u00eame pr\u00eat \u00e0 rester \u00e9veill\u00e9 jusqu\u2019\u00e0 3h du matin pour regarder une finale de Premier Padel !<\/p>\n<p class=\"related-title\">Sur le m\u00eame sujet<\/p>\n","protected":false},"excerpt":{"rendered":"La toute premi\u00e8re \u00e9dition du Master Jeunes \u00cele-de-France s\u2019est conclue ce week-end au Club des Pyramides, devant plus&hellip;\n","protected":false},"author":2,"featured_media":175047,"comment_status":"","ping_status":"","sticky":false,"template":"","format":"standard","meta":{"footnotes":""},"categories":[1592],"tags":[1111,11,31641,1777,674,1011,27,662,4074,12,626,25],"class_list":{"0":"post-179521","1":"post","2":"type-post","3":"status-publish","4":"format-standard","5":"has-post-thumbnail","7":"category-ile-de-france","8":"tag-actu","9":"tag-actualites","10":"tag-club-des-pyramides","11":"tag-eu","12":"tag-europe","13":"tag-fr","14":"tag-france","15":"tag-ile-de-france","16":"tag-jeunes","17":"tag-news","18":"tag-paris","19":"tag-republique-francaise"},"share_on_mastodon":{"url":"https:\/\/pubeurope.com\/@fr\/114690050485286823","error":""},"_links":{"self":[{"href":"https:\/\/www.europesays.com\/fr\/wp-json\/wp\/v2\/posts\/179521","targetHints":{"allow":["GET"]}}],"collection":[{"href":"https:\/\/www.europesays.com\/fr\/wp-json\/wp\/v2\/posts"}],"about":[{"href":"https:\/\/www.europesays.com\/fr\/wp-json\/wp\/v2\/types\/post"}],"author":[{"embeddable":true,"href":"https:\/\/www.europesays.com\/fr\/wp-json\/wp\/v2\/users\/2"}],"replies":[{"embeddable":true,"href":"https:\/\/www.europesays.com\/fr\/wp-json\/wp\/v2\/comments?post=179521"}],"version-history":[{"count":0,"href":"https:\/\/www.europesays.com\/fr\/wp-json\/wp\/v2\/posts\/179521\/revisions"}],"wp:featuredmedia":[{"embeddable":true,"href":"https:\/\/www.europesays.com\/fr\/wp-json\/wp\/v2\/media\/175047"}],"wp:attachment":[{"href":"https:\/\/www.europesays.com\/fr\/wp-json\/wp\/v2\/media?parent=179521"}],"wp:term":[{"taxonomy":"category","embeddable":true,"href":"https:\/\/www.europesays.com\/fr\/wp-json\/wp\/v2\/categories?post=179521"},{"taxonomy":"post_tag","embeddable":true,"href":"https:\/\/www.europesays.com\/fr\/wp-json\/wp\/v2\/tags?post=179521"}],"curies":[{"name":"wp","href":"https:\/\/api.w.org\/{rel}","templated":true}]}}