{"id":179526,"date":"2025-06-15T23:49:09","date_gmt":"2025-06-15T23:49:09","guid":{"rendered":"https:\/\/www.europesays.com\/fr\/179526\/"},"modified":"2025-06-15T23:49:09","modified_gmt":"2025-06-15T23:49:09","slug":"previsions-du-lundi-16-juin-2025-7","status":"publish","type":"post","link":"https:\/\/www.europesays.com\/fr\/179526\/","title":{"rendered":"pr\u00e9visions du lundi 16 juin 2025"},"content":{"rendered":"<p>\u00c0 Paris les temp\u00e9ratures afficheront entre 12 et 26\u00b0C aujourd&rsquo;hui. Le matin, les Parisiens vont pouvoir b\u00e9n\u00e9ficier d&rsquo;un soleil radieux. Le mercure affichera 20\u00b0C en moyenne. Une brise de nord-ouest soufflera l\u00e9g\u00e8rement. Le soleil appara\u00eet l\u00e9g\u00e8rement l&rsquo;apr\u00e8s-midi. Ces \u00e9claircies devraient faire plaisir aux habitants. Les temp\u00e9ratures vont conna\u00eetre une augmentation de plusieurs degr\u00e9s. Les valeurs seront comprises entre 24 et 26\u00b0C. Il fera en moyenne 22\u00b0C, le soir. Pendant que vous dormirez, dans la nuit de lundi \u00e0 mardi, le ciel sera clair.<\/p>\n<p>Un bel ensoleillement est attendu demain \u00e0 Paris. Un temps plus chaud est attendu \u00e9tant donn\u00e9 que les temp\u00e9ratures vont enregistrer une hausse. Il va faire 22\u00b0C en moyenne. Un vent de nord-est rafra\u00eechira quelque peu l&rsquo;atmosph\u00e8re. Les temp\u00e9ratures vont monter pendant l&rsquo;apr\u00e8s-midi de plusieurs degr\u00e9s. Les valeurs s&rsquo;\u00e9chelonneront de 27 \u00e0 28\u00b0C.<\/p>\n<p>La m\u00e9t\u00e9o restera inchang\u00e9e les prochains jours. Des temp\u00e9ratures dans les 23\u00b0C accompagneront un ciel ensoleill\u00e9.<\/p>\n<p><\/p>\n","protected":false},"excerpt":{"rendered":"\u00c0 Paris les temp\u00e9ratures afficheront entre 12 et 26\u00b0C aujourd&rsquo;hui. Le matin, les Parisiens vont pouvoir b\u00e9n\u00e9ficier d&rsquo;un&hellip;\n","protected":false},"author":2,"featured_media":179527,"comment_status":"","ping_status":"","sticky":false,"template":"","format":"standard","meta":{"footnotes":""},"categories":[1888],"tags":[11,1777,674,1011,27,662,12,626,2119,25],"class_list":{"0":"post-179526","1":"post","2":"type-post","3":"status-publish","4":"format-standard","5":"has-post-thumbnail","7":"category-paris","8":"tag-actualites","9":"tag-eu","10":"tag-europe","11":"tag-fr","12":"tag-france","13":"tag-ile-de-france","14":"tag-news","15":"tag-paris","16":"tag-previsions-meteo","17":"tag-republique-francaise"},"share_on_mastodon":{"url":"https:\/\/pubeurope.com\/@fr\/114690062008125459","error":""},"_links":{"self":[{"href":"https:\/\/www.europesays.com\/fr\/wp-json\/wp\/v2\/posts\/179526","targetHints":{"allow":["GET"]}}],"collection":[{"href":"https:\/\/www.europesays.com\/fr\/wp-json\/wp\/v2\/posts"}],"about":[{"href":"https:\/\/www.europesays.com\/fr\/wp-json\/wp\/v2\/types\/post"}],"author":[{"embeddable":true,"href":"https:\/\/www.europesays.com\/fr\/wp-json\/wp\/v2\/users\/2"}],"replies":[{"embeddable":true,"href":"https:\/\/www.europesays.com\/fr\/wp-json\/wp\/v2\/comments?post=179526"}],"version-history":[{"count":0,"href":"https:\/\/www.europesays.com\/fr\/wp-json\/wp\/v2\/posts\/179526\/revisions"}],"wp:featuredmedia":[{"embeddable":true,"href":"https:\/\/www.europesays.com\/fr\/wp-json\/wp\/v2\/media\/179527"}],"wp:attachment":[{"href":"https:\/\/www.europesays.com\/fr\/wp-json\/wp\/v2\/media?parent=179526"}],"wp:term":[{"taxonomy":"category","embeddable":true,"href":"https:\/\/www.europesays.com\/fr\/wp-json\/wp\/v2\/categories?post=179526"},{"taxonomy":"post_tag","embeddable":true,"href":"https:\/\/www.europesays.com\/fr\/wp-json\/wp\/v2\/tags?post=179526"}],"curies":[{"name":"wp","href":"https:\/\/api.w.org\/{rel}","templated":true}]}}