{"id":17953,"date":"2025-04-11T18:24:08","date_gmt":"2025-04-11T18:24:08","guid":{"rendered":"https:\/\/www.europesays.com\/fr\/17953\/"},"modified":"2025-04-11T18:24:08","modified_gmt":"2025-04-11T18:24:08","slug":"desavouee-par-son-allie-americain-la-suisse-tend-la-main-a-leurope","status":"publish","type":"post","link":"https:\/\/www.europesays.com\/fr\/17953\/","title":{"rendered":"d\u00e9savou\u00e9e par son alli\u00e9 am\u00e9ricain, la Suisse tend la main \u00e0 l\u2019Europe"},"content":{"rendered":"<p>L&rsquo;apparition de la Suisse \u00e0 la neuvi\u00e8me ligne du tableau des sanctions douani\u00e8res, brandi le 2 avril dernier par le pr\u00e9sident Trump, a \u00e9t\u00e9 un choc pour la petite mais puissante \u00e9conomie helv\u00e9tique. Les 20 % de droits de douane pour l&rsquo;Union europ\u00e9enne \u00e9taient d\u00e9j\u00e0 un coup de massue, mais de l&rsquo;autre c\u00f4t\u00e9 des Alpes, ce ne sont pas moins de 31 % qu&rsquo;ont r\u00e9colt\u00e9s nos voisins helv\u00e8tes.<\/p>\n<p>Or, avec\u00a018,6 % des exportations\u00a0suisses dirig\u00e9es\u00a0vers les \u00c9tats-Unis en 2024, ces derniers constituent son premier march\u00e9 \u00e0 l&rsquo;export. Et si la suspension pour 90 jours des droits de douane, annonc\u00e9e mercredi 10 avril par Donald Trump, a suscit\u00e9 un certain soulagement, le pays reste encore sonn\u00e9. Le d\u00e9saveu am\u00e9ricain a fortement secou\u00e9 les milieux \u00e9conomiques et financiers du pays.<\/p>\n<p>De quoi interroger sur la n\u00e9cessit\u00e9 d&rsquo;un rapprochement avec sa voisine europ\u00e9enne.\u00a0\u00ab\u00a0La Suisse est le quatri\u00e8me partenaire commercial de l&rsquo;UE pour les biens et le troisi\u00e8me pour les services, le commerce bilat\u00e9ral global s&rsquo;\u00e9levant \u00e0 quelque 550 milliards d&rsquo;euros \u00bb,\u00a0rappelait en d\u00e9cembre dernier le commissaire europ\u00e9en au commerce,\u00a0Maros Sefcovic.<\/p>\n<p>Ce vendredi, la pr\u00e9sidente de la Conf\u00e9d\u00e9ration suisse et ministre des Finances, Karin Keller-Sutter, assistait d&rsquo;ailleurs \u00e0 une r\u00e9union des ministres des Finances de l&rsquo;UE \u00e0 Varsovie, aux c\u00f4t\u00e9s \u00e9galement de son homologue du Royaume-Uni. Un fait notable puisqu&rsquo;il s&rsquo;agit de\u00a0la premi\u00e8re fois dans l&rsquo;histoire de la Suisse qu&rsquo;une ministre des Finances participe \u00e0 une r\u00e9union r\u00e9guli\u00e8re avec ses homologues de l&rsquo;UE. Et si l&rsquo;invitation est ant\u00e9rieure \u00e0 la r\u00e9\u00e9lection de Donald Trump,\u00a0elle intervient alors que, m\u00eame du c\u00f4t\u00e9 de la droite dure\u00a0&#8211; surtout en Suisse al\u00e9manique &#8211; historiquement en d\u00e9faveur d&rsquo;un rapprochement avec l&rsquo;Union Europ\u00e9enne, cette id\u00e9e fait son chemin.<\/p>\n<p>Zone de turbulences<\/p>\n<p>Jusqu&rsquo;alors,\u00a0fort de son \u00e9conomie puissante, port\u00e9e par un secteur financier et bancaire de renom et une industrie pharmaceutique et horlog\u00e8re de pointe, l&rsquo;\u00c9tat helv\u00e8te cultivait son ind\u00e9pendance. Avec l&rsquo;Union europ\u00e9enne, il a ainsi privil\u00e9gi\u00e9 des accords bilat\u00e9raux qui lui permettent de participer partiellement au march\u00e9 int\u00e9rieur sans \u00eatre membre ni de l&rsquo;UE ni de l&rsquo;Espace \u00c9conomique Europ\u00e9en (EEE).<\/p>\n<p>Mais, pour Ren\u00e9 Schwok, professeur \u00e0 l&rsquo;Universit\u00e9 de Gen\u00e8ve et sp\u00e9cialiste des relations de l&rsquo;Europe avec la Suisse, \u00ab\u00a0les turbulences impos\u00e9es par Donald Trump ont fait bouger les choses\u00a0\u00bb. Le choc des annonces du pr\u00e9sident am\u00e9ricain a\u00a0\u00ab\u00a0renforc\u00e9 le camp des proeurop\u00e9ens, et fait changer d&rsquo;avis certains milieux de la droite dure, surtout en Suisse al\u00e9manique, qui misaient beaucoup sur les \u00c9tats-Unis \u00bb.<\/p>\n<p>Avant les annonces de Donald Trump, la Suisse\u00a0\u00ab n&rsquo;avait pas forc\u00e9ment pris la mesure de la situation, pensant alors passer sous les radars de l&rsquo;Am\u00e9rique, dans une guerre commerciale qui allait concerner surtout l&rsquo;UE et les \u00c9tats-Unis\u00a0\u00bb,\u00a0note-t-il. D\u00e9sormais,\u00a0\u00ab\u00a0la petite musique d&rsquo;un rapprochement avec l&rsquo;UE se fait entendre plus distinctement \u00bb,\u00a0remarque-t-il.<\/p>\n<p>\u00ab Une assurance indispensable \u00bbpour la Suisse<\/p>\n<p>En d\u00e9cembre dernier, la Suisse a d&rsquo;ailleurs fait un premier pas vers une int\u00e9gration \u00e9conomique plus \u00e9troite avec l&rsquo;UE en concluant un accord politique avec Bruxelles pour r\u00e9viser leurs relations commerciales communes : libre circulation des personnes, transports, agriculture, \u00e9nergie et sant\u00e9. Un accord toutefois soumis \u00e0 un long processus d&rsquo;approbation.<\/p>\n<p>Et si ce projet ne fait pas l&rsquo;unanimit\u00e9, pour le professeur genevois, les opposants initiaux ont d\u00e9sormais compris\u00a0que le rapprochement \u00e9conomique avec l&rsquo;UE constituait\u00a0\u00ab une assurance indispensable \u00bb pour la Suisse. \u00ab\u00a0Il n&rsquo;\u00e9tait pas s\u00fbr que cet accord soit adopt\u00e9 par le Parlement suisse, mais cela a chang\u00e9 en quelques jours\u00a0\u00bb, estime-t-il.<\/p>\n<p>\u00c9voquant ce sujet cette semaine dans une interview accord\u00e9e au journal suisse Neue Z\u00fcrcher Zeitung,\u00a0alors qu&rsquo;elle faisait le point sur les options de la Suisse,\u00a0Karin Keller-Sutter a ainsi d\u00e9clar\u00e9 : \u00ab Nous voulons stabiliser et approfondir les relations avec l&rsquo;UE \u00bb.<\/p>\n<p>De son c\u00f4t\u00e9, \u00ab l&rsquo;Union europ\u00e9enne a besoin de la Suisse et du Royaume-Uni pour faire front commun \u00bb,\u00a0pointe\u00a0le professeur Ren\u00e9 Schwok. Et d&rsquo;ajouter que, dans l&rsquo;intervalle de la suspension de 90 jours des droits de douane, \u00ab l&rsquo;Union europ\u00e9enne doit adopter une r\u00e9action coordonn\u00e9e et forte en mati\u00e8re d&rsquo;investissement face au pr\u00e9sident Trump \u00bb.<\/p>\n","protected":false},"excerpt":{"rendered":"L&rsquo;apparition de la Suisse \u00e0 la neuvi\u00e8me ligne du tableau des sanctions douani\u00e8res, brandi le 2 avril dernier&hellip;\n","protected":false},"author":2,"featured_media":17954,"comment_status":"","ping_status":"","sticky":false,"template":"","format":"standard","meta":{"footnotes":""},"categories":[1586],"tags":[17,11,7203,7204,7202,981,2483,33,1777,674,1011,27,12,5912,25,3711],"class_list":{"0":"post-17953","1":"post","2":"type-post","3":"status-publish","4":"format-standard","5":"has-post-thumbnail","7":"category-europe","8":"tag-17","9":"tag-actualites","10":"tag-allie","11":"tag-americain","12":"tag-desavouee","13":"tag-douane","14":"tag-droits","15":"tag-economie","16":"tag-eu","17":"tag-europe","18":"tag-fr","19":"tag-france","20":"tag-news","21":"tag-par","22":"tag-republique-francaise","23":"tag-son"},"share_on_mastodon":{"url":"https:\/\/pubeurope.com\/@fr\/114320733888685432","error":""},"_links":{"self":[{"href":"https:\/\/www.europesays.com\/fr\/wp-json\/wp\/v2\/posts\/17953","targetHints":{"allow":["GET"]}}],"collection":[{"href":"https:\/\/www.europesays.com\/fr\/wp-json\/wp\/v2\/posts"}],"about":[{"href":"https:\/\/www.europesays.com\/fr\/wp-json\/wp\/v2\/types\/post"}],"author":[{"embeddable":true,"href":"https:\/\/www.europesays.com\/fr\/wp-json\/wp\/v2\/users\/2"}],"replies":[{"embeddable":true,"href":"https:\/\/www.europesays.com\/fr\/wp-json\/wp\/v2\/comments?post=17953"}],"version-history":[{"count":0,"href":"https:\/\/www.europesays.com\/fr\/wp-json\/wp\/v2\/posts\/17953\/revisions"}],"wp:featuredmedia":[{"embeddable":true,"href":"https:\/\/www.europesays.com\/fr\/wp-json\/wp\/v2\/media\/17954"}],"wp:attachment":[{"href":"https:\/\/www.europesays.com\/fr\/wp-json\/wp\/v2\/media?parent=17953"}],"wp:term":[{"taxonomy":"category","embeddable":true,"href":"https:\/\/www.europesays.com\/fr\/wp-json\/wp\/v2\/categories?post=17953"},{"taxonomy":"post_tag","embeddable":true,"href":"https:\/\/www.europesays.com\/fr\/wp-json\/wp\/v2\/tags?post=17953"}],"curies":[{"name":"wp","href":"https:\/\/api.w.org\/{rel}","templated":true}]}}