{"id":179532,"date":"2025-06-15T23:52:15","date_gmt":"2025-06-15T23:52:15","guid":{"rendered":"https:\/\/www.europesays.com\/fr\/179532\/"},"modified":"2025-06-15T23:52:15","modified_gmt":"2025-06-15T23:52:15","slug":"vladimir-poutine-offre-ses-services-de-mediateur-pour-mieux-poursuivre-sa-guerre-en-ukraine","status":"publish","type":"post","link":"https:\/\/www.europesays.com\/fr\/179532\/","title":{"rendered":"Vladimir Poutine offre ses services de m\u00e9diateur pour mieux poursuivre sa guerre en Ukraine"},"content":{"rendered":"<p><strong>D\u00c9CRYPTAGE<\/strong> &#8211; La Russie, mise au ban par les Occidentaux, se r\u00eave en puissance globale et pr\u00e9tend toujours peser dans une r\u00e9gion o\u00f9 son influence est en repli.<\/p>\n<p class=\"fig-paragraph\">La diplomatie russe s\u2019est mise en branle \u00e0 l\u2019\u00e9mergence d\u2019une\u00a0<a href=\"http:\/\/www.lefigaro.fr\/international\/dossier\/frappes-d-israel-sur-l-iran-notre-dossier-pour-tout-comprendre\" data-fig-type=\"Topic\" data-gtm-custom-categorie=\"navigation\" data-gtm-custom-action=\"crossclick\" data-gtm-custom-label=\"Contextuel\" data-gtm-event=\"customEventSPE\" data-fig-domain=\"LEFIGARO\" target=\"_blank\" rel=\"noopener\">nouvelle guerre au Moyen-Orient<\/a>, soupesant l\u2019\u00e9ventuelle opportunit\u00e9 qu\u2019elle lui offre d\u2019appara\u00eetre sur la sc\u00e8ne internationale et s\u2019effor\u00e7ant de jauger les cons\u00e9quences d\u2019un embrasement sur ce qui demeure, aux yeux de Moscou, la m\u00e8re de toutes les batailles\u00a0:\u00a0<a href=\"https:\/\/www.lefigaro.fr\/international\/dossier\/tensions-entre-la-russie-et-l-ukraine-tout-comprendre-a-la-menace-d-une-invasion-russe\" target=\"_blank\" data-fig-type=\"Topic\" rel=\"noopener\" data-gtm-custom-categorie=\"navigation\" data-gtm-custom-action=\"crossclick\" data-gtm-custom-label=\"Contextuel\" data-gtm-event=\"customEventSPE\" data-fig-domain=\"LEFIGARO\">l\u2019Ukraine<\/a>. Vladimir Poutine, lors de la conversation t\u00e9l\u00e9phonique de cinquante minutes qu\u2019il a eue samedi avec Donald Trump,\u00a0<a href=\"http:\/\/www.lefigaro.fr\/poutine-condamne-les-frappes-israeliennes-et-propose-a-netanyahou-de-faire-le-mediateur-avec-l-iran-20250613\" data-fig-type=\"NewsFlash\" data-gtm-custom-categorie=\"navigation\" data-gtm-custom-action=\"crossclick\" data-gtm-custom-label=\"Contextuel\" data-gtm-event=\"customEventSPE\" data-fig-domain=\"LEFIGARO\" target=\"_blank\" rel=\"noopener\">a condamn\u00e9 l\u2019op\u00e9ration lanc\u00e9e par Isra\u00ebl contre l\u2019Iran<\/a>\u00a0et \u00ab\u00a0exprim\u00e9 de s\u00e9rieuses pr\u00e9occupations concernant une possible escalade du conflit\u00a0\u00bb, ainsi que l\u2019a rapport\u00e9 Iouri Ouchakov, le conseiller diplomatique du Kremlin. Le pr\u00e9sident russe a \u00e9galement propos\u00e9 de jouer le r\u00f4le de m\u00e9diateur, excipant de liens qui se poursuivent avec Isra\u00ebl, malgr\u00e9 l\u2019\u00e9crasement de Gaza, et de la relation, complexe mais approfondie, que Moscou entretient avec T\u00e9h\u00e9ran.<\/p>\n<p class=\"fig-paragraph\">Pas question pour Moscou, qui a d\u2019autres fers au feu, de se laisser entra\u00eener dans une guerre\u2026<\/p>\n<p class=\"fig-premium-paywall__infos\">\n        Cet article est r\u00e9serv\u00e9 aux abonn\u00e9s.        Il vous reste 78% \u00e0 d\u00e9couvrir.\n    <\/p>\n<p>                <img  data- alt=\"Le Figaro\" class=\"fig-img--complete fig-img\"\/><\/p>\n<p class=\"fig-premium-paywall__title\">Vente Flash<\/p>\n<p class=\"fig-premium-paywall__subtitle\">3,99\u20ac par mois pendant 12 mois. Sans engagement.<\/p>\n<p class=\"fig-premium-paywall__connect\">\n                D\u00e9j\u00e0 abonn\u00e9\u00a0?                <a class=\"fig-premium-paywall__connect-link\" href=\"https:\/\/connect.lefigaro.fr\/login?client=horizon_web&amp;type=main&amp;redirect_uri=https%3A%2F%2Fwww.lefigaro.fr%2Finternational%2Fconflit-israel-iran-vladimir-poutine-offre-ses-services-de-mediateurs-pour-mieux-poursuivre-sa-guerre-en-ukraine-20250615\" data-js-gtm=\"{&quot;customCategorie&quot;: &quot;conversion&quot;, &quot;customAction&quot;: &quot;before_Landing_Connexion_paywall_auto&quot;, &quot;customLabel&quot;: &quot;bGVmaWdhcm8uZnJfXzFmMDQ5ZTFjLTk0MGUtNjA3MC04M2JmLTIxYmJlN2ZkY2Y5MV9fQXJ0aWNsZQ==_Conflit Isra\u00ebl-Iran\u00a0: Vladimir Poutine offre ses services de m\u00e9diateur pour mieux poursuivre sa guerre en Ukraine_93&quot;, &quot;customIDSPE&quot;: &quot;bGVmaWdhcm8uZnJfXzFmMDQ5ZTFjLTk0MGUtNjA3MC04M2JmLTIxYmJlN2ZkY2Y5MV9fQXJ0aWNsZQ==&quot;, &quot;event&quot;: &quot;customEventSPE&quot;}\" target=\"_blank\" rel=\"noopener\"><br \/>\n                    Connectez-vous<br \/>\n                <\/a>\n            <\/p>\n","protected":false},"excerpt":{"rendered":"D\u00c9CRYPTAGE &#8211; La Russie, mise au ban par les Occidentaux, se r\u00eave en puissance globale et pr\u00e9tend toujours&hellip;\n","protected":false},"author":2,"featured_media":179533,"comment_status":"","ping_status":"","sticky":false,"template":"","format":"standard","meta":{"footnotes":""},"categories":[1590],"tags":[259,11,260,1777,674,14,261,12,262,220,135],"class_list":{"0":"post-179532","1":"post","2":"type-post","3":"status-publish","4":"format-standard","5":"has-post-thumbnail","7":"category-ukraine","8":"tag-actualite-internationale","9":"tag-actualites","10":"tag-affaires-etrangeres","11":"tag-eu","12":"tag-europe","13":"tag-international","14":"tag-ministere-des-affaires-etrangeres","15":"tag-news","16":"tag-politique-etrangere","17":"tag-ukraine","18":"tag-vladimir-poutine"},"share_on_mastodon":{"url":"https:\/\/pubeurope.com\/@fr\/114690073792860827","error":""},"_links":{"self":[{"href":"https:\/\/www.europesays.com\/fr\/wp-json\/wp\/v2\/posts\/179532","targetHints":{"allow":["GET"]}}],"collection":[{"href":"https:\/\/www.europesays.com\/fr\/wp-json\/wp\/v2\/posts"}],"about":[{"href":"https:\/\/www.europesays.com\/fr\/wp-json\/wp\/v2\/types\/post"}],"author":[{"embeddable":true,"href":"https:\/\/www.europesays.com\/fr\/wp-json\/wp\/v2\/users\/2"}],"replies":[{"embeddable":true,"href":"https:\/\/www.europesays.com\/fr\/wp-json\/wp\/v2\/comments?post=179532"}],"version-history":[{"count":0,"href":"https:\/\/www.europesays.com\/fr\/wp-json\/wp\/v2\/posts\/179532\/revisions"}],"wp:featuredmedia":[{"embeddable":true,"href":"https:\/\/www.europesays.com\/fr\/wp-json\/wp\/v2\/media\/179533"}],"wp:attachment":[{"href":"https:\/\/www.europesays.com\/fr\/wp-json\/wp\/v2\/media?parent=179532"}],"wp:term":[{"taxonomy":"category","embeddable":true,"href":"https:\/\/www.europesays.com\/fr\/wp-json\/wp\/v2\/categories?post=179532"},{"taxonomy":"post_tag","embeddable":true,"href":"https:\/\/www.europesays.com\/fr\/wp-json\/wp\/v2\/tags?post=179532"}],"curies":[{"name":"wp","href":"https:\/\/api.w.org\/{rel}","templated":true}]}}