{"id":179544,"date":"2025-06-15T23:58:10","date_gmt":"2025-06-15T23:58:10","guid":{"rendered":"https:\/\/www.europesays.com\/fr\/179544\/"},"modified":"2025-06-15T23:58:10","modified_gmt":"2025-06-15T23:58:10","slug":"la-france-na-participe-a-aucune-operation-defensive-disrael-car-elle-na-pas-ete-sollicitee-affirme-macron-liberation","status":"publish","type":"post","link":"https:\/\/www.europesays.com\/fr\/179544\/","title":{"rendered":"la France n\u2019a particip\u00e9 \u00e0 aucune \u00abop\u00e9ration d\u00e9fensive\u00bb d\u2019Isra\u00ebl car elle n\u2019a \u00abpas \u00e9t\u00e9 sollicit\u00e9e\u00bb, affirme Macron \u2013 Lib\u00e9ration"},"content":{"rendered":"<p class=\"sc-ksZaOG ehjQrN text-element\"><b>Le bilan nocturne en Isra\u00ebl s\u2019alourdit encore. <\/b><a href=\"https:\/\/www.liberation.fr\/international\/moyen-orient\/on-va-devoir-trouver-une-solution-si-les-missiles-iraniens-arrivent-ici-resilience-et-resignation-dans-les-rues-de-jerusalem-20250613_7Z46KD27WRGBXFHUHRWBVTL4II\/\" target=\"_blank\" rel=\"nofollow noopener\" title=\"https:\/\/www.liberation.fr\/international\/moyen-orient\/on-va-devoir-trouver-une-solution-si-les-missiles-iraniens-arrivent-ici-resilience-et-resignation-dans-les-rues-de-jerusalem-20250613_7Z46KD27WRGBXFHUHRWBVTL4II\/\">10 personnes sont mortes et plus de 200 ont \u00e9t\u00e9 bless\u00e9es<\/a> depuis samedi soir dans des tirs de missiles et de drones iraniens sur l\u2019Etat h\u00e9breu, selon des services de secours, la police et des h\u00f4pitaux. Deux femmes \u00e2g\u00e9es de 69 et 80 ans ainsi qu\u2019un gar\u00e7on de 10 ans et une fille de 8 ans, et encore deux autres personnes, sont morts \u00e0 Bat Yam dans la r\u00e9gion de Tel-Aviv o\u00f9 l\u2019attaque a \u00e9galement fait 99 bless\u00e9s dont 4 graves, a pr\u00e9cis\u00e9 le Magen David Adom (MDA), l\u2019\u00e9quivalent isra\u00e9lien de la Croix Rouge. Les recherches se poursuivent car sept personnes sont port\u00e9es disparues, a pr\u00e9cis\u00e9 Daniel Hadad, commandant de police. Dans le sud-ouest de la Galil\u00e9e, un immeuble de trois \u00e9tages a \u00e9t\u00e9 d\u00e9truit \u00e0 Tamra, causant la mort de 4 femmes, dont une adolescente de 13 ans. A l\u2019ouest de J\u00e9rusalem, dans la plaine de Shfelah, au moins 37 bless\u00e9s dont deux graves ont \u00e9t\u00e9 enregistr\u00e9s par le MDA.<\/p>\n","protected":false},"excerpt":{"rendered":"Le bilan nocturne en Isra\u00ebl s\u2019alourdit encore. 10 personnes sont mortes et plus de 200 ont \u00e9t\u00e9 bless\u00e9es&hellip;\n","protected":false},"author":2,"featured_media":179545,"comment_status":"","ping_status":"","sticky":false,"template":"","format":"standard","meta":{"footnotes":""},"categories":[2],"tags":[11,75,73,1011,27,3019,664,12,25],"class_list":{"0":"post-179544","1":"post","2":"type-post","3":"status-publish","4":"format-standard","5":"has-post-thumbnail","7":"category-actualites","8":"tag-actualites","9":"tag-donald-trump","10":"tag-etats-unis","11":"tag-fr","12":"tag-france","13":"tag-iran","14":"tag-israel","15":"tag-news","16":"tag-republique-francaise"},"share_on_mastodon":{"url":"https:\/\/pubeurope.com\/@fr\/114690097371480497","error":""},"_links":{"self":[{"href":"https:\/\/www.europesays.com\/fr\/wp-json\/wp\/v2\/posts\/179544","targetHints":{"allow":["GET"]}}],"collection":[{"href":"https:\/\/www.europesays.com\/fr\/wp-json\/wp\/v2\/posts"}],"about":[{"href":"https:\/\/www.europesays.com\/fr\/wp-json\/wp\/v2\/types\/post"}],"author":[{"embeddable":true,"href":"https:\/\/www.europesays.com\/fr\/wp-json\/wp\/v2\/users\/2"}],"replies":[{"embeddable":true,"href":"https:\/\/www.europesays.com\/fr\/wp-json\/wp\/v2\/comments?post=179544"}],"version-history":[{"count":0,"href":"https:\/\/www.europesays.com\/fr\/wp-json\/wp\/v2\/posts\/179544\/revisions"}],"wp:featuredmedia":[{"embeddable":true,"href":"https:\/\/www.europesays.com\/fr\/wp-json\/wp\/v2\/media\/179545"}],"wp:attachment":[{"href":"https:\/\/www.europesays.com\/fr\/wp-json\/wp\/v2\/media?parent=179544"}],"wp:term":[{"taxonomy":"category","embeddable":true,"href":"https:\/\/www.europesays.com\/fr\/wp-json\/wp\/v2\/categories?post=179544"},{"taxonomy":"post_tag","embeddable":true,"href":"https:\/\/www.europesays.com\/fr\/wp-json\/wp\/v2\/tags?post=179544"}],"curies":[{"name":"wp","href":"https:\/\/api.w.org\/{rel}","templated":true}]}}