{"id":17955,"date":"2025-04-11T18:25:08","date_gmt":"2025-04-11T18:25:08","guid":{"rendered":"https:\/\/www.europesays.com\/fr\/17955\/"},"modified":"2025-04-11T18:25:08","modified_gmt":"2025-04-11T18:25:08","slug":"lallemagne-veut-se-doter-de-ses-propres-satellites-au-detriment-du-projet-europeen-iris-2","status":"publish","type":"post","link":"https:\/\/www.europesays.com\/fr\/17955\/","title":{"rendered":"L\u2019Allemagne veut se doter de ses propres satellites, au d\u00e9triment du projet europ\u00e9en Iris 2"},"content":{"rendered":"<p>\n                                                L\u2019Union europ\u00e9enne d\u00e9veloppe depuis 2022 un projet d\u00e9nomm\u00e9 Iris 2 pour doter les pays membres d\u2019un r\u00e9seau internet satellitaire souverain et ind\u00e9pendant des technologies am\u00e9ricaines d\u2019ici \u00e0 2030. Mais voil\u00e0, l\u2019Allemagne serait sur le point de faire cavalier seul, r\u00e9v\u00e8le le m\u00e9dia allemand Handelsblatt et envisage de d\u00e9ployer ses propres satellites de communications et militaires, avant la mise en \u0153uvre effective de la constellation europ\u00e9enne.                    <\/p>\n<p>Selon l\u2019<a href=\"https:\/\/www.handelsblatt.com\/technik\/it-internet\/raumfahrt-bundeswehr-plant-eigenes-satelliten-system\/100118230.html\" target=\"_blank\" rel=\"noopener\"><strong>article du Handelsblatt<\/strong><\/a>, Berlin tenterait ainsi de s&rsquo;affranchir du projet europ\u00e9en d\u2019une constellation souveraine de satellites de connectivit\u00e9 \u00e0 l\u2019Internet. Il faut dire que le programme d\u00e9nomm\u00e9 Iris 2, pour \u00ab Infrastructure de r\u00e9silience, d&rsquo;interconnexion et de s\u00e9curit\u00e9 par satellite \u00bb, a irrit\u00e9 d\u00e8s son lancement le gouvernement allemand. Berlin a fustig\u00e9 par exemple sa dimension jug\u00e9e \u00ab\u00a0trop fran\u00e7aise\u00a0\u00bb, d\u00e9non\u00e7ant la forte pr\u00e9sence des entreprises de l\u2019Hexagone charg\u00e9es de piloter le projet au sein d\u2019un consortium.<\/p>\n<p class=\"o-em-consent__content__text\">Pour afficher ce contenu X (Twitter), il est n\u00e9cessaire d&rsquo;autoriser les cookies de mesure d&rsquo;audience et de publicit\u00e9.<\/p>\n<p>        Accepter<br \/>\n        G\u00e9rer mes choix<\/p>\n<p>L&rsquo;<a href=\"https:\/\/www.rfi.fr\/fr\/tag\/allemagne\/\" target=\"_self\" rel=\"noopener\"><strong>Allemagne<\/strong><\/a> a aussi tent\u00e9 d\u2019exercer des pressions sur la Commission europ\u00e9enne, arguant du fait que les d\u00e9passements de prix du programme de l\u2019<a href=\"https:\/\/www.rfi.fr\/fr\/tag\/union-europ\u00e9enne\/\" target=\"_self\" rel=\"noopener\"><strong>Union europ\u00e9enne<\/strong><\/a> \u00e9taient incompatibles avec sa politique \u00e9conomique et industrielle.<\/p>\n<p>Mais peine perdue ! La <a href=\"https:\/\/www.rfi.fr\/fr\/podcasts\/un-monde-de-tech\/20250410-dans-une-guerre-\u00e9lectronique-moscou-et-p\u00e9kin-cherchent-\u00e0-nuire-au-r\u00e9seau-starlink\" target=\"_self\" rel=\"noopener\"><strong>guerre en Ukraine<\/strong><\/a> qui a d\u00e9montr\u00e9 la n\u00e9cessit\u00e9 d&rsquo;avoir des services de connectivit\u00e9 spatiale r\u00e9silients et ind\u00e9pendants, a convaincu la plupart des d\u00e9cideurs europ\u00e9ens de poursuivre le projet, malgr\u00e9 son co\u00fbt \u00e9lev\u00e9.<\/p>\n<p class=\"o-em-consent__content__text\">Pour afficher ce contenu X (Twitter), il est n\u00e9cessaire d&rsquo;autoriser les cookies de mesure d&rsquo;audience et de publicit\u00e9.<\/p>\n<p>        Accepter<br \/>\n        G\u00e9rer mes choix<\/p>\n<p>    Des satellites souverains \u00e0 usage militaire<\/p>\n<p>Le m\u00e9dia allemand Handelsblatt pr\u00e9cise que le minist\u00e8re l\u2019arm\u00e9e allemande envisage la mise en place de son propre r\u00e9seau de satellites d\u2019ici \u00e0 2029. La constellation pr\u00e9vue serait compos\u00e9e de centaines de satellites de petites dimensions, comme peuvent l\u2019\u00eatre les engins qui ont \u00e9t\u00e9 d\u00e9ploy\u00e9s pour le r\u00e9seau Starlink d\u2019<a href=\"https:\/\/www.rfi.fr\/fr\/tag\/elon-musk\/\" target=\"_self\" rel=\"noopener\"><strong>Elon Musk<\/strong><\/a>. Ils seraient achemin\u00e9s, du moins en partie, en orbite basse terrestre, un an avant la date estim\u00e9e pour l\u2019activation op\u00e9rationnelle du dispositif europ\u00e9en.<\/p>\n<p>Un porte-parole du minist\u00e8re de la D\u00e9fense a confirm\u00e9 les r\u00e9v\u00e9lations du m\u00e9dia allemand, mais pr\u00e9cise que la d\u00e9cision du d\u00e9veloppement du projet ne serait pas encore compl\u00e8tement tranch\u00e9e par les instances politiques. Pour des \u00ab\u00a0raisons de s\u00e9curit\u00e9 nationale\u00a0\u00bb, le repr\u00e9sentant du minist\u00e8re n&rsquo;a pas voulu fournir plus de d\u00e9tails sur les co\u00fbts ou la conception technique de ces satellites, ni par quel lanceur, ils seraient envoy\u00e9s.<\/p>\n<p class=\"o-em-consent__content__text\">Pour afficher ce contenu X (Twitter), il est n\u00e9cessaire d&rsquo;autoriser les cookies de mesure d&rsquo;audience et de publicit\u00e9.<\/p>\n<p>        Accepter<br \/>\n        G\u00e9rer mes choix<\/p>\n<p>    Bruxelles inquiet pour l\u2019avenir du r\u00e9seau Iris 2<\/p>\n<p>La Commission europ\u00e9enne juge tr\u00e8s s\u00e9v\u00e8rement l\u2019initiative de Berlin dont l\u2019objectif est de favoriser son industrie locale au d\u00e9triment de ses partenaires. L\u2019Allemagne risque aussi de mettre en p\u00e9ril des ann\u00e9es de n\u00e9gociations entre les pays membres concernant le projet commun d\u2019une constellation 100 % europ\u00e9enne. Rappelons que l\u2019ambition du syst\u00e8me Iris 2 \u00e9tait que l\u2019<a href=\"https:\/\/www.rfi.fr\/fr\/europe\/\" target=\"_self\" rel=\"noopener\"><strong>Union europ\u00e9enne<\/strong><\/a> s\u2019affranchisse d\u2019une domination am\u00e9ricaine \u00e9crasante dans le domaine des communications satellitaires.<\/p>\n<p class=\"o-em-consent__content__text\">Pour afficher ce contenu X (Twitter), il est n\u00e9cessaire d&rsquo;autoriser les cookies de mesure d&rsquo;audience et de publicit\u00e9.<\/p>\n<p>        Accepter<br \/>\n        G\u00e9rer mes choix<\/p>\n<p>L\u2019UE comptait aussi sur ce programme pour proposer une <a href=\"https:\/\/www.rfi.fr\/fr\/podcasts\/un-monde-de-tech\/20250306-eutelsat-pr\u00eat-\u00e0-prendre-le-relais-de-starlink-en-ukraine\" target=\"_self\" rel=\"noopener\"><strong>solution alternative \u00e0 l&rsquo;Ukraine<\/strong><\/a> en remplacement du r\u00e9seau Starlink. De toute \u00e9vidence, la volont\u00e9 de faire cavalier seul de l\u2019un de ses membres, met \u00e0 mal les efforts europ\u00e9ens d\u2019une ind\u00e9pendance technologique dans le secteur du spatial.<\/p>\n<p class=\"a-read-more\">\u00c0 lire aussi<a href=\"https:\/\/www.rfi.fr\/fr\/europe\/20241216-avec-la-constellation-de-satellites-iris2-l-europe-esp\u00e8re-maintenir-ses-capacit\u00e9s-spatiales-face-aux-\u00e9tats-unis-et-la-chine\" target=\"_self\" class=\"a-read-more__link\" rel=\"noopener\">Avec la constellation de satellites IRIS\u00b2, l\u2019Europe esp\u00e8re \u00abmaintenir ses capacit\u00e9s spatiales\u00bb face aux \u00c9tats-Unis et la Chine<\/a><\/p>\n","protected":false},"excerpt":{"rendered":"L\u2019Union europ\u00e9enne d\u00e9veloppe depuis 2022 un projet d\u00e9nomm\u00e9 Iris 2 pour doter les pays membres d\u2019un r\u00e9seau internet&hellip;\n","protected":false},"author":2,"featured_media":17956,"comment_status":"","ping_status":"","sticky":false,"template":"","format":"standard","meta":{"footnotes":""},"categories":[1586],"tags":[11,386,1777,674,1779,1011,27,310,12,4125,25,42,1778,6668,364],"class_list":{"0":"post-17955","1":"post","2":"type-post","3":"status-publish","4":"format-standard","5":"has-post-thumbnail","7":"category-europe","8":"tag-actualites","9":"tag-espace","10":"tag-eu","11":"tag-europe","12":"tag-european-union","13":"tag-fr","14":"tag-france","15":"tag-internet","16":"tag-news","17":"tag-numerique","18":"tag-republique-francaise","19":"tag-technologies","20":"tag-ue","21":"tag-un-monde-de-tech","22":"tag-union-europeenne"},"share_on_mastodon":{"url":"https:\/\/pubeurope.com\/@fr\/114320737807257266","error":""},"_links":{"self":[{"href":"https:\/\/www.europesays.com\/fr\/wp-json\/wp\/v2\/posts\/17955","targetHints":{"allow":["GET"]}}],"collection":[{"href":"https:\/\/www.europesays.com\/fr\/wp-json\/wp\/v2\/posts"}],"about":[{"href":"https:\/\/www.europesays.com\/fr\/wp-json\/wp\/v2\/types\/post"}],"author":[{"embeddable":true,"href":"https:\/\/www.europesays.com\/fr\/wp-json\/wp\/v2\/users\/2"}],"replies":[{"embeddable":true,"href":"https:\/\/www.europesays.com\/fr\/wp-json\/wp\/v2\/comments?post=17955"}],"version-history":[{"count":0,"href":"https:\/\/www.europesays.com\/fr\/wp-json\/wp\/v2\/posts\/17955\/revisions"}],"wp:featuredmedia":[{"embeddable":true,"href":"https:\/\/www.europesays.com\/fr\/wp-json\/wp\/v2\/media\/17956"}],"wp:attachment":[{"href":"https:\/\/www.europesays.com\/fr\/wp-json\/wp\/v2\/media?parent=17955"}],"wp:term":[{"taxonomy":"category","embeddable":true,"href":"https:\/\/www.europesays.com\/fr\/wp-json\/wp\/v2\/categories?post=17955"},{"taxonomy":"post_tag","embeddable":true,"href":"https:\/\/www.europesays.com\/fr\/wp-json\/wp\/v2\/tags?post=17955"}],"curies":[{"name":"wp","href":"https:\/\/api.w.org\/{rel}","templated":true}]}}