{"id":179552,"date":"2025-06-16T00:02:08","date_gmt":"2025-06-16T00:02:08","guid":{"rendered":"https:\/\/www.europesays.com\/fr\/179552\/"},"modified":"2025-06-16T00:02:08","modified_gmt":"2025-06-16T00:02:08","slug":"les-suissesses-toujours-avec-un-bilan-parfait-rts-ch","status":"publish","type":"post","link":"https:\/\/www.europesays.com\/fr\/179552\/","title":{"rendered":"Les Suissesses toujours avec un bilan parfait &#8211; rts.ch"},"content":{"rendered":"\n<p>L&rsquo;\u00e9quipe de Suisse dames a conserv\u00e9 son bilan parfait en European Silver League. A Amstetten, en Autriche, les prot\u00e9g\u00e9es de Lauren Bertolacci ont battu la Lettonie 3-0 (25-19 25-18 25-23).\u00a0<\/p>\n<p>Les prot\u00e9g\u00e9es de Lauren Bertolacci ont ainsi empoch\u00e9 un 5e succ\u00e8s en autant de matches dans cette comp\u00e9tition.<\/p>\n<p>Les Suissesses affronteront encore l&rsquo;Autriche dimanche dans ce tournoi qui sert de pr\u00e9paration \u00e0 la 2e partie des qualifications de l&rsquo;Euro.<\/p>\n<p class=\"sources\">ats\/bao<\/p>\n<p>   Publi\u00e9 samedi \u00e0 20:18   <\/p>\n","protected":false},"excerpt":{"rendered":"L&rsquo;\u00e9quipe de Suisse dames a conserv\u00e9 son bilan parfait en European Silver League. A Amstetten, en Autriche, les&hellip;\n","protected":false},"author":2,"featured_media":179553,"comment_status":"","ping_status":"","sticky":false,"template":"","format":"standard","meta":{"footnotes":""},"categories":[1417],"tags":[31642,3062,13989,1011,27,3100,7776,517,60,27390,1470,1632,1469],"class_list":{"0":"post-179552","1":"post","2":"type-post","3":"status-publish","4":"format-standard","5":"has-post-thumbnail","7":"category-volley","8":"tag-amstetten","9":"tag-autres-sports","10":"tag-autriche","11":"tag-fr","12":"tag-france","13":"tag-lauren-bertolacci","14":"tag-lettonie","15":"tag-sport","16":"tag-sports","17":"tag-suisses","18":"tag-volley","19":"tag-volley-ball","20":"tag-volleyball"},"share_on_mastodon":{"url":"https:\/\/pubeurope.com\/@fr\/114690113116136903","error":""},"_links":{"self":[{"href":"https:\/\/www.europesays.com\/fr\/wp-json\/wp\/v2\/posts\/179552","targetHints":{"allow":["GET"]}}],"collection":[{"href":"https:\/\/www.europesays.com\/fr\/wp-json\/wp\/v2\/posts"}],"about":[{"href":"https:\/\/www.europesays.com\/fr\/wp-json\/wp\/v2\/types\/post"}],"author":[{"embeddable":true,"href":"https:\/\/www.europesays.com\/fr\/wp-json\/wp\/v2\/users\/2"}],"replies":[{"embeddable":true,"href":"https:\/\/www.europesays.com\/fr\/wp-json\/wp\/v2\/comments?post=179552"}],"version-history":[{"count":0,"href":"https:\/\/www.europesays.com\/fr\/wp-json\/wp\/v2\/posts\/179552\/revisions"}],"wp:featuredmedia":[{"embeddable":true,"href":"https:\/\/www.europesays.com\/fr\/wp-json\/wp\/v2\/media\/179553"}],"wp:attachment":[{"href":"https:\/\/www.europesays.com\/fr\/wp-json\/wp\/v2\/media?parent=179552"}],"wp:term":[{"taxonomy":"category","embeddable":true,"href":"https:\/\/www.europesays.com\/fr\/wp-json\/wp\/v2\/categories?post=179552"},{"taxonomy":"post_tag","embeddable":true,"href":"https:\/\/www.europesays.com\/fr\/wp-json\/wp\/v2\/tags?post=179552"}],"curies":[{"name":"wp","href":"https:\/\/api.w.org\/{rel}","templated":true}]}}