{"id":179558,"date":"2025-06-16T00:05:15","date_gmt":"2025-06-16T00:05:15","guid":{"rendered":"https:\/\/www.europesays.com\/fr\/179558\/"},"modified":"2025-06-16T00:05:15","modified_gmt":"2025-06-16T00:05:15","slug":"tarbes-gespe-bigorre-retrograde-en-ligue-regionale-la-decision-de-la-commission-de-controle-de-gestion-sera-reexaminee-le-5-juin-la-semaine-des-pyrenees","status":"publish","type":"post","link":"https:\/\/www.europesays.com\/fr\/179558\/","title":{"rendered":"Tarbes Gespe Bigorre r\u00e9trograd\u00e9 en Ligue R\u00e9gionale : la d\u00e9cision de la Commission de Contr\u00f4le de Gestion sera r\u00e9examin\u00e9e le 5 juin &#8211; La Semaine des Pyr\u00e9n\u00e9es"},"content":{"rendered":"<ol>\n<li><a href=\"https:\/\/news.google.com\/rss\/articles\/CBMi-AFBVV95cUxPOVRxVmlPUlBWRnFLVDlMUHpIakdUak1NaUFERkJ4aDF0ZG5HZENlTTlsWGhUR3FCOEpPYUg0ZVpkWVlwUF9POFFKRGloSUx2SkdsM1pmQ3VFV0F1c1lsSkx3Ukh1T0NVUEh0WTlJazVMaG5zc0ptQ0YzaVpacWhQcjNxc09GQjVuWTFRd2tLTV8xdmZudlNlZUxqcldTeUd0UGJsRUw2MjRUU3VDQTVkOTZkR2VBRjQwTHJlbUtWVVVJZjlJOW1kRTd6NXVpVXd1dUZpZ0JQVzVWS2dmUnk2eWhwMm1xbGdVQlg4VV9samFQa2NsZUItZw?oc=5\" target=\"_blank\" rel=\"noopener\">Tarbes Gespe Bigorre r\u00e9trograd\u00e9 en Ligue R\u00e9gionale : la d\u00e9cision de la Commission de Contr\u00f4le de Gestion sera r\u00e9examin\u00e9e le 5 juin<\/a>&nbsp;&nbsp;La Semaine des Pyr\u00e9n\u00e9es<\/li>\n<li><a href=\"https:\/\/news.google.com\/rss\/articles\/CBMiyAFBVV95cUxQSEhCNmpWM1BhZzQ3cFFxYXBiUWZJb0tJaWltSnhHdjNMWmRnMUlHVG1RZk4tcUJEM2FrUGNucEthdTVWVmJRUS1EUHdoSEd4Q3o5cldUcC1rLUhMc1o5MHZCQXhta0doT08xT0dFV2JiS0lsMjhjcFVkc29zZmtoMG5MRVZyTkRlYVEtZDRQSmhHZ2t6VzFMNXlRSW42bVJvaklaZnhYeVVyZ0dJV3NIQ0VVemZ5OVQtallQUlEweFVmQnN2Q3E3Ng?oc=5\" target=\"_blank\" rel=\"noopener\">O\u00f9 en est-on de la situation du TGB, TPR et du commerce de centre-ville de Tarbes ?<\/a>&nbsp;&nbsp;ladepeche.fr<\/li>\n<li><a href=\"https:\/\/news.google.com\/rss\/articles\/CBMivAFBVV95cUxQckFRa29ndlhpZEZoU2tEdk9GNEVmZFU2NURTU2JHRDlpVnR1aERuNlNHeFAzLXJqVUN6d0N6TF9INzItWkJDeUJZUXVCT0lRbUhrU1dWeW5PTzFjRDczNE9uU2NLZThjQS1jaV8yeS1xQklTYm9jX25EY2c4T3hCUlJGSm9sWTJiQl9mdHFsaVJDekYteVI4Y3FsUlZJUnBEZ1BZZUJqd1UyVnBzelFDZTJRdW1HY09ScVJhYw?oc=5\" target=\"_blank\" rel=\"noopener\">Aurore Vitr\u00e9 : le versement d&rsquo;une subvention de 100 000 euros en suspens<\/a>&nbsp;&nbsp;Actu.fr<\/li>\n<li><a href=\"https:\/\/news.google.com\/rss\/articles\/CBMiwwFBVV95cUxQbWU4alpPaWRTWXFwLVNLQ0t3OG1qSEl6dE5YdGhjbFV1ZW42WWxrcG5LVE9oTno3TGo3VVlsb242TG9aZmdPR3RGbkRvaFNhd0Y4U2VKZnUwNV9uZ2NnbEt5YWg2eUNLSkJzby1TTE96QzNNd3BzaTJjQTBBa0pXbzE4OVRQUTZPU1VOeHNEOUF2WmQ4QUF2ZmxfTnlDWS15ZUk4dF9OaHN6V0JvTVAtRmwtc0E0QjAtRWJubHg2b2RnOFE?oc=5\" target=\"_blank\" rel=\"noopener\">Basket-ball : Pour le Tarbes Gespe Bigorre, une nouvelle finale sur tapis vert<\/a>&nbsp;&nbsp;NRPyrenees.fr<\/li>\n<li><a href=\"https:\/\/news.google.com\/rss\/articles\/CBMiX0FVX3lxTE9sVzFGQWFtTGNpZWp2WHluWDE1OW04emJLOTRPV2xPRHVkamd5N09wWENPcnI4MlJzT2xERmU4a1BiU0hhaWFyTFk3dllrTkQ1em5lSG9sRjVvN1JoVVEw?oc=5\" target=\"_blank\" rel=\"noopener\">TPR et TGB : Un avenir en suspens<\/a>&nbsp;&nbsp;Tarbes infos<\/li>\n<\/ol>\n","protected":false},"excerpt":{"rendered":"Tarbes Gespe Bigorre r\u00e9trograd\u00e9 en Ligue R\u00e9gionale : la d\u00e9cision de la Commission de Contr\u00f4le de Gestion sera&hellip;\n","protected":false},"author":2,"featured_media":1445,"comment_status":"","ping_status":"","sticky":false,"template":"","format":"standard","meta":{"footnotes":""},"categories":[1414],"tags":[1465,1464,1011,27,60],"class_list":{"0":"post-179558","1":"post","2":"type-post","3":"status-publish","4":"format-standard","5":"has-post-thumbnail","7":"category-basket","8":"tag-basket","9":"tag-basketball","10":"tag-fr","11":"tag-france","12":"tag-sports"},"share_on_mastodon":{"url":"https:\/\/pubeurope.com\/@fr\/114690124916049196","error":""},"_links":{"self":[{"href":"https:\/\/www.europesays.com\/fr\/wp-json\/wp\/v2\/posts\/179558","targetHints":{"allow":["GET"]}}],"collection":[{"href":"https:\/\/www.europesays.com\/fr\/wp-json\/wp\/v2\/posts"}],"about":[{"href":"https:\/\/www.europesays.com\/fr\/wp-json\/wp\/v2\/types\/post"}],"author":[{"embeddable":true,"href":"https:\/\/www.europesays.com\/fr\/wp-json\/wp\/v2\/users\/2"}],"replies":[{"embeddable":true,"href":"https:\/\/www.europesays.com\/fr\/wp-json\/wp\/v2\/comments?post=179558"}],"version-history":[{"count":0,"href":"https:\/\/www.europesays.com\/fr\/wp-json\/wp\/v2\/posts\/179558\/revisions"}],"wp:featuredmedia":[{"embeddable":true,"href":"https:\/\/www.europesays.com\/fr\/wp-json\/wp\/v2\/media\/1445"}],"wp:attachment":[{"href":"https:\/\/www.europesays.com\/fr\/wp-json\/wp\/v2\/media?parent=179558"}],"wp:term":[{"taxonomy":"category","embeddable":true,"href":"https:\/\/www.europesays.com\/fr\/wp-json\/wp\/v2\/categories?post=179558"},{"taxonomy":"post_tag","embeddable":true,"href":"https:\/\/www.europesays.com\/fr\/wp-json\/wp\/v2\/tags?post=179558"}],"curies":[{"name":"wp","href":"https:\/\/api.w.org\/{rel}","templated":true}]}}