{"id":179573,"date":"2025-06-16T00:13:15","date_gmt":"2025-06-16T00:13:15","guid":{"rendered":"https:\/\/www.europesays.com\/fr\/179573\/"},"modified":"2025-06-16T00:13:15","modified_gmt":"2025-06-16T00:13:15","slug":"sam-heughan-a-bel-et-bien-tourne-la-page-doutlander-avec-ce-nouveau-projet","status":"publish","type":"post","link":"https:\/\/www.europesays.com\/fr\/179573\/","title":{"rendered":"Sam Heughan a bel et bien tourn\u00e9 la page d&rsquo;Outlander avec ce nouveau projet"},"content":{"rendered":"<p>Si la huiti\u00e8me saison d&rsquo;Outlander n&rsquo;a pas encore \u00e9t\u00e9 diffus\u00e9e, le travail sur la s\u00e9rie est pourtant termin\u00e9 pour Sam Heughan. L&rsquo;acteur a donc d\u00e9sormais le loisir de faire d&rsquo;autres choses et son nouveau projet montre qu&rsquo;il a bel et bien tourn\u00e9 la page. <\/p>\n<p>Il revient \u00e0 ses premi\u00e8res amours. Maintenant que le tournage de la <a href=\"https:\/\/www.programme-tv.net\/news\/series-tv\/348817-outlander-saison-8-netflix-casting-intrigues-toutes-les-infos-sur-la-nouvelle-saison\/\" data-api-deeplink=\"teleloisirs:\/\/news\/348817\" target=\"_blank\" rel=\"noopener\">huiti\u00e8me et derni\u00e8re saison d&rsquo;Outlander<\/a> est termin\u00e9, <a href=\"https:\/\/www.programme-tv.net\/news\/series-tv\/380274-outlander-saison-8-sam-heughan-donne-un-indice-sur-la-sortie-des-nouveaux-episodes-et-annonce-son-nouveau-projet-excitant\/\" data-api-deeplink=\"teleloisirs:\/\/news\/380274\" target=\"_blank\" rel=\"noopener\">Sam Heughan, qui a donn\u00e9 un indice sur la sortie des nouveaux \u00e9pisodes<\/a>, est pr\u00eat \u00e0 passer \u00e0 autre chose. Et cela sera du c\u00f4t\u00e9 du th\u00e9\u00e2tre puisque l&rsquo;acteur qui a un <a href=\"https:\/\/www.programme-tv.net\/news\/series-tv\/317709-sam-heughan-ce-lien-insolite-entre-la-star-d-outlander-et-le-seigneur-des-anneaux\/\" data-api-deeplink=\"teleloisirs:\/\/news\/317709\" target=\"_blank\" rel=\"noopener\">lien insolite avec Le Seigneur des Anneaux<\/a> s&rsquo;appr\u00eate \u00e0 remonter sur les planches. Il incarnera le tyran meurtrier dans Macbeth, marquant ainsi ses d\u00e9buts avec la Royal Shakespeare Company. \u00ab\u00a0Je cherchais quelque chose qui me passionnerait vraiment. Je joue dans Outlander depuis 11 ans, et c&rsquo;est \u00e9videmment g\u00e9nial, mais je voulais autre chose\u00a0\u00bb, se r\u00e9jouit celui qui a incarn\u00e9 Jamie Fraser pendant de longues ann\u00e9es.<\/p>\n<p>Apr\u00e8s Outlander, un retour aux sources pour Sam Heughan<\/p>\n<p>\u00ab\u00a0J&rsquo;ai suivi une formation th\u00e9\u00e2trale classique et j&rsquo;ai b\u00e2ti ma carri\u00e8re au th\u00e9\u00e2tre. C&rsquo;est ce que je faisais bien avant d&rsquo;obtenir des r\u00f4les \u00e0 la t\u00e9l\u00e9vision. Et c&rsquo;est \u00e9videmment un r\u00eave. En revenant \u00e0 la toute premi\u00e8re pi\u00e8ce que j&rsquo;ai jou\u00e9e, la boucle est boucl\u00e9e\u00a0\u00bb, se f\u00e9licite l&rsquo;acteur qui a suivi une formation \u00e0 la Royal Scottish Academy of Music and Drama.\u00a0\u00bbC&rsquo;est aussi une nouvelle peau, un nouveau moi, un nouveau d\u00e9part et une fa\u00e7on de me d\u00e9barrasser un peu de Jamie Fraser, m\u00eame s&rsquo;il s&rsquo;agissait aussi d&rsquo;une perruque\u00a0\u00bb, ironise encore <a href=\"https:\/\/www.programme-tv.net\/news\/series-tv\/380313-avant-la-fin-doutlander-sam-heughan-passe-le-flambeau-a-jamie-roy-le-heros-du-spin-off-blood-of-my-blood-dans-un-lieu-culte-de-la-serie\/\" data-api-deeplink=\"teleloisirs:\/\/news\/380313\" target=\"_blank\" rel=\"noopener\">Sam Heughan, qui a pass\u00e9 le flambeau d&rsquo;Outlander aux acteurs du prequel Blood of my Blood. <\/a><\/p>\n<p>                        Sam Heughan reste tr\u00e8s attach\u00e9 \u00e0 Outlander<\/p>\n<p>Il estime que travailler sur Outlander pendant 11 ans a \u00ab\u00a0accapar\u00e9\u00a0\u00bb sa vie. \u00ab\u00a0\u00c7a devient ta vie \u00e0 100 %. Et d&rsquo;une certaine mani\u00e8re, c&rsquo;est fantastique, et j&rsquo;ai eu beaucoup de chance\u00a0\u00bb, souligne l&rsquo;acteur, qui ajoute : \u00ab\u00a0J&rsquo;ai \u00e9videmment pu faire quelques films et s\u00e9ries t\u00e9l\u00e9vis\u00e9es, mais \u00e7a te d\u00e9finit et \u00e7a dicte aussi o\u00f9 tu vis, le temps dont tu disposes, o\u00f9 tu te trouves physiquement dans le monde et o\u00f9 va ton \u00e9nergie\u00a0\u00bb. \u00ab\u00a0C&rsquo;est une chance pour moi de red\u00e9couvrir qui je suis ou o\u00f9 j&rsquo;en suis, et de voir quelle est la prochaine \u00e9tape\u00a0\u00bb, se r\u00e9jouit d&rsquo;avance <a href=\"https:\/\/www.programme-tv.net\/news\/series-tv\/380493-outlander-je-sais-quils-ont-fait-ca-avec-downton-abbey-sam-heughan-repond-a-cette-grande-idee-autour-de-la-serie\/\" data-api-deeplink=\"teleloisirs:\/\/news\/380493\" target=\"_blank\" rel=\"noopener\">Sam Heughan, qui a \u00e9voqu\u00e9 un possible film d\u00e9riv\u00e9 d&rsquo;Outlander. <\/a>D&rsquo;ailleurs, il ne compte pas compl\u00e8tement tourner la page. \u00ab\u00a0Nous avons vraiment nou\u00e9 une belle amiti\u00e9, et je suis s\u00fbr que nous resterons en contact dans les ann\u00e9es \u00e0 venir\u00a0\u00bb, affirme l&rsquo;acteur qui conclut : \u00ab\u00a0C&rsquo;est l&rsquo;un des aspects les plus formidables de notre s\u00e9rie\u00a0\u00bb.<\/p>\n<blockquote class=\"instagram-media\" data-instgrm-captioned=\"\" data-instgrm-permalink=\"https:\/\/www.instagram.com\/p\/DKb3w-7s2ki\/?utm_source=ig_embed&amp;utm_campaign=loading\" data-instgrm-version=\"14\" style=\" background:#FFF; border:0; border-radius:3px; box-shadow:0 0 1px 0 rgba(0,0,0,0.5),0 1px 10px 0 rgba(0,0,0,0.15); margin: 1px; max-width:658px; min-width:326px; padding:0; width:99.375%; width:-webkit-calc(100% - 2px); width:calc(100% - 2px);\"\/>\n<p>Article \u00e9crit en collaboration avec 6Medias<\/p>\n<p>        <script async src=\"\/\/www.instagram.com\/embed.js\"><\/script><\/p>\n","protected":false},"excerpt":{"rendered":"Si la huiti\u00e8me saison d&rsquo;Outlander n&rsquo;a pas encore \u00e9t\u00e9 diffus\u00e9e, le travail sur la s\u00e9rie est pourtant termin\u00e9&hellip;\n","protected":false},"author":2,"featured_media":179574,"comment_status":"","ping_status":"","sticky":false,"template":"","format":"standard","meta":{"footnotes":""},"categories":[1356],"tags":[244,58,59,6214,1011,27,127,19530,4276,3725,1722,4275,4496,129,252,12663,1364],"class_list":{"0":"post-179573","1":"post","2":"type-post","3":"status-publish","4":"format-standard","5":"has-post-thumbnail","7":"category-television","8":"tag-commentaire","9":"tag-divertissement","10":"tag-entertainment","11":"tag-film-netflix","12":"tag-fr","13":"tag-france","14":"tag-netflix","15":"tag-nouveautu00e9s-netflix","16":"tag-outlander","17":"tag-podcast","18":"tag-pub-streaming-netflix","19":"tag-sam-heughan","20":"tag-superstream","21":"tag-svod","22":"tag-television","23":"tag-tl","24":"tag-tv"},"share_on_mastodon":{"url":"https:\/\/pubeurope.com\/@fr\/114690156405787586","error":""},"_links":{"self":[{"href":"https:\/\/www.europesays.com\/fr\/wp-json\/wp\/v2\/posts\/179573","targetHints":{"allow":["GET"]}}],"collection":[{"href":"https:\/\/www.europesays.com\/fr\/wp-json\/wp\/v2\/posts"}],"about":[{"href":"https:\/\/www.europesays.com\/fr\/wp-json\/wp\/v2\/types\/post"}],"author":[{"embeddable":true,"href":"https:\/\/www.europesays.com\/fr\/wp-json\/wp\/v2\/users\/2"}],"replies":[{"embeddable":true,"href":"https:\/\/www.europesays.com\/fr\/wp-json\/wp\/v2\/comments?post=179573"}],"version-history":[{"count":0,"href":"https:\/\/www.europesays.com\/fr\/wp-json\/wp\/v2\/posts\/179573\/revisions"}],"wp:featuredmedia":[{"embeddable":true,"href":"https:\/\/www.europesays.com\/fr\/wp-json\/wp\/v2\/media\/179574"}],"wp:attachment":[{"href":"https:\/\/www.europesays.com\/fr\/wp-json\/wp\/v2\/media?parent=179573"}],"wp:term":[{"taxonomy":"category","embeddable":true,"href":"https:\/\/www.europesays.com\/fr\/wp-json\/wp\/v2\/categories?post=179573"},{"taxonomy":"post_tag","embeddable":true,"href":"https:\/\/www.europesays.com\/fr\/wp-json\/wp\/v2\/tags?post=179573"}],"curies":[{"name":"wp","href":"https:\/\/api.w.org\/{rel}","templated":true}]}}