{"id":179581,"date":"2025-06-16T00:18:12","date_gmt":"2025-06-16T00:18:12","guid":{"rendered":"https:\/\/www.europesays.com\/fr\/179581\/"},"modified":"2025-06-16T00:18:12","modified_gmt":"2025-06-16T00:18:12","slug":"laura-smet-rend-hommage-pour-la-premiere-fois-a-son-pere-johnny-hallyday-avec-ce-clip","status":"publish","type":"post","link":"https:\/\/www.europesays.com\/fr\/179581\/","title":{"rendered":"Laura Smet rend hommage pour \u00ab\u00a0la premi\u00e8re fois\u00a0\u00bb \u00e0 son p\u00e8re, Johnny Hallyday, avec ce clip"},"content":{"rendered":"<p>        <img decoding=\"async\" loading=\"lazy\" src=\"https:\/\/www.europesays.com\/fr\/wp-content\/uploads\/2025\/06\/778aa9d_upload-1-qy8ksxmyzcah-000-33fa62k.jpg\"  width=\"728\" height=\"409\" alt=\"Laura Smet, ici lors du Festival de Cannes, le 16\u00a0mai 2023.\"\/>  <\/p>\n<p>VALERY HACHE \/ AFP<\/p>\n<p>Laura Smet, ici lors du Festival de Cannes, le 16\u00a0mai 2023.<\/p>\n<p class=\"asset asset-text\">MUSIQUE &#8211; En 1943, Johnny Hallyday \u00e9tait n\u00e9 un 15\u00a0juin. Sa fille, <a href=\"https:\/\/www.huffingtonpost.fr\/culture\/article\/johnny-hallyday-selon-laura-smet-le-biopic-de-jalil-lespert-avec-matthias-schoenaerts-ne-se-fera-pas_243163.html\" rel=\"nofollow noopener\" target=\"_blank\">Laura Smet<\/a>, en a profit\u00e9 ce dimanche pour lui rendre un bel hommage, via un titre de <a href=\"https:\/\/www.huffingtonpost.fr\/culture\/article\/les-10-commandements-a-la-seine-musicale-pourquoi-la-comedie-musicale-a-failli-ne-jamais-faire-son-retour_244547.html\" rel=\"nofollow noopener\" target=\"_blank\">Pascal Obispo<\/a> et un clip dans lequel on la retrouve aux c\u00f4t\u00e9s du chanteur (<strong>\u00e0 voir plus bas<\/strong>).<\/p>\n<p class=\"asset asset-text\">\u00ab\u00a0C\u2019est la premi\u00e8re fois que je rends hommage \u00e0 mon p\u00e8re. Cette chanson est comme une conversation entre deux amis, j\u2019ai reconnu les sons, une ambiance quelque chose de tr\u00e8s familier qui m\u2019a \u00e9norm\u00e9ment touch\u00e9\u00a0\u00bb, a \u00e9crit Laura Smet sur son compte Instagram, partageant le clip r\u00e9alis\u00e9 par Nicolas Boualami, dans lequel elle appara\u00eet dans une ambiance western, coiff\u00e9e d\u2019un chapeau de cow-boy et chevauchant un cheval blanc.<\/p>\n<p class=\"asset asset-text\">Intitul\u00e9 Appelle-moi Johnny, le titre sera pr\u00e9sent sur le futur album de Pascal Obispo, H\u00e9ritages, qui sortira le 24\u00a0octobre. Il honore ainsi\u00a0la m\u00e9moire de <a href=\"https:\/\/www.huffingtonpost.fr\/culture\/article\/on-part-de-tres-loin-raphael-quenard-a-encore-beaucoup-de-boulot-avant-de-jouer-johnny-hallyday_250233.html\" rel=\"nofollow noopener\" target=\"_blank\">son ami<\/a>, celui pour qui il avait notamment \u00e9crit et r\u00e9alis\u00e9 l\u2019album\u00a0Ce que je sais\u00a0sorti en 1998.<\/p>\n<p class=\"asset asset-text\">Sur ce titre, Pascal Obispo chante ainsi\u00a0: \u00ab\u00a0Un jour ma route a crois\u00e9 celle d\u2019un homme qui m\u2019a parl\u00e9 de lui \/ Ses r\u00eaves, ses envies, sa solitude aussi \/ Aujourd\u2019hui, il est parti et il me manque comme un fr\u00e8re \/ Je m\u2019en souviens comme si c\u2019\u00e9tait hier la premi\u00e8re fois o\u00f9 il m\u2019a dit\u00a0: \/ \u201cAppelle-moi Johnny comme si j\u2019\u00e9tais un ami\u201d.\u00a0\u00bb<\/p>\n<p> La lecture de ce contenu est susceptible d\u2019entra\u00eener un d\u00e9p\u00f4t de cookies de la part de l\u2019op\u00e9rateur tiers qui l\u2019h\u00e9berge. Compte-tenu des choix que vous avez exprim\u00e9s en mati\u00e8re de d\u00e9p\u00f4t de cookies, nous avons bloqu\u00e9 l\u2019affichage de ce contenu. Si vous souhaitez y acc\u00e9der, vous devez accepter la cat\u00e9gorie de cookies \u201cContenus tiers\u201d en cliquant sur le bouton ci-dessous. <\/p>\n<p> Lire la Vid\u00e9o        <\/p>\n<p class=\"asset asset-text\">Cette semaine, Laura Smet <a href=\"https:\/\/www.gala.fr\/l_actu\/news_de_stars\/exclu-laura-smet-hyper-triste-ce-choix-de-johnny-qu-elle-a-regrette-20250612\" target=\"_blank\" rel=\"noopener nofollow\" title=\"Nouvelle fen\u00eatre\">s\u2019\u00e9tait confi\u00e9e dans une interview \u00e0\u00a0Gala<\/a>\u00a0sur son lien avec Pascal Obispo, eux qui se connaissent depuis longtemps\u00a0: \u00ab\u00a0je connais Pascal depuis que j\u2019ai 16\u00a0ans, Il fait partie de la famille\u00a0\u00bb. Laura Smet\u00a0avait aussi confi\u00e9 se sentir \u00ab\u00a0enfin apais\u00e9e comme rarement depuis [le] d\u00e9part (de Johnny Hallyday)\u00a0\u00bb. \u00ab\u00a0J\u2019ai vraiment eu le sentiment de passer une journ\u00e9e avec lui. D\u2019un point de vue spirituel\u00a0\u00bb, commentait-elle \u00e0 propos du tournage du clip.<\/p>\n<p class=\"asset asset-text\">D\u00e9c\u00e9d\u00e9 en d\u00e9cembre\u00a02017, Johnny Hallyday aurait eu 82\u00a0ans ce dimanche 15\u00a0juin.<\/p>\n","protected":false},"excerpt":{"rendered":"VALERY HACHE \/ AFP Laura Smet, ici lors du Festival de Cannes, le 16\u00a0mai 2023. MUSIQUE &#8211; En&hellip;\n","protected":false},"author":2,"featured_media":179582,"comment_status":"","ping_status":"","sticky":false,"template":"","format":"standard","meta":{"footnotes":""},"categories":[8],"tags":[251,58,59,1011,27,1304,15910,873,17603,973],"class_list":{"0":"post-179581","1":"post","2":"type-post","3":"status-publish","4":"format-standard","5":"has-post-thumbnail","7":"category-divertissement","8":"tag-culture","9":"tag-divertissement","10":"tag-entertainment","11":"tag-fr","12":"tag-france","13":"tag-johnny-hallyday","14":"tag-laura-smet","15":"tag-musique","16":"tag-pascal-obispo","17":"tag-people"},"share_on_mastodon":{"url":"https:\/\/pubeurope.com\/@fr\/114690176194295340","error":""},"_links":{"self":[{"href":"https:\/\/www.europesays.com\/fr\/wp-json\/wp\/v2\/posts\/179581","targetHints":{"allow":["GET"]}}],"collection":[{"href":"https:\/\/www.europesays.com\/fr\/wp-json\/wp\/v2\/posts"}],"about":[{"href":"https:\/\/www.europesays.com\/fr\/wp-json\/wp\/v2\/types\/post"}],"author":[{"embeddable":true,"href":"https:\/\/www.europesays.com\/fr\/wp-json\/wp\/v2\/users\/2"}],"replies":[{"embeddable":true,"href":"https:\/\/www.europesays.com\/fr\/wp-json\/wp\/v2\/comments?post=179581"}],"version-history":[{"count":0,"href":"https:\/\/www.europesays.com\/fr\/wp-json\/wp\/v2\/posts\/179581\/revisions"}],"wp:featuredmedia":[{"embeddable":true,"href":"https:\/\/www.europesays.com\/fr\/wp-json\/wp\/v2\/media\/179582"}],"wp:attachment":[{"href":"https:\/\/www.europesays.com\/fr\/wp-json\/wp\/v2\/media?parent=179581"}],"wp:term":[{"taxonomy":"category","embeddable":true,"href":"https:\/\/www.europesays.com\/fr\/wp-json\/wp\/v2\/categories?post=179581"},{"taxonomy":"post_tag","embeddable":true,"href":"https:\/\/www.europesays.com\/fr\/wp-json\/wp\/v2\/tags?post=179581"}],"curies":[{"name":"wp","href":"https:\/\/api.w.org\/{rel}","templated":true}]}}