{"id":179585,"date":"2025-06-16T00:20:11","date_gmt":"2025-06-16T00:20:11","guid":{"rendered":"https:\/\/www.europesays.com\/fr\/179585\/"},"modified":"2025-06-16T00:20:11","modified_gmt":"2025-06-16T00:20:11","slug":"le-directeur-general-de-renault-luca-de-meo-va-quitter-lentreprise","status":"publish","type":"post","link":"https:\/\/www.europesays.com\/fr\/179585\/","title":{"rendered":"Le directeur g\u00e9n\u00e9ral de Renault, Luca de Meo, va quitter l\u2019entreprise"},"content":{"rendered":"<p>Le directeur g\u00e9n\u00e9ral du constructeur automobile fran\u00e7ais <a href=\"https:\/\/www.20minutes.fr\/dossier\/renault\" class=\"color-ultramarine c-link\" target=\"_blank\" rel=\"noopener\">Renault<\/a>, <a href=\"https:\/\/www.20minutes.fr\/economie\/4137549-20250206-pensez-dors-nuit-paye-260-smics-mois-pdg-renault-justifie-enorme-remuneration\" class=\"color-ultramarine c-link\" target=\"_blank\" rel=\"noopener\">Luca de Meo<\/a>, va quitter le groupe \u00ab\u00a0afin de relever de nouveaux d\u00e9fis en dehors du secteur automobile\u00a0\u00bb, a indiqu\u00e9 dimanche l\u2019entreprise, confirmant une information du journal <a href=\"https:\/\/www.lefigaro.fr\/economie\/luca-de-meo-quitte-renault-et-rejoint-kering-20250615\" rel=\"nofollow noopener\" target=\"_blank\" class=\"color-ultramarine c-link\">Le Figaro<\/a>.<\/p>\n<p>\u00ab\u00a0Apr\u00e8s 5 ann\u00e9es \u00e0 la t\u00eate de Renault Group, Luca de Meo a fait part de sa d\u00e9cision de quitter ses fonctions\u00a0\u00bb, indique le groupe dans un communiqu\u00e9, pr\u00e9cisant que son d\u00e9part sera \u00ab\u00a0effectif le 15\u00a0juillet\u00a0\u00bb. Selon Le Figaro, Luca de Meo deviendra directeur g\u00e9n\u00e9ral du groupe de luxe Kering dont l\u2019actionnaire majoritaire, Fran\u00e7ois-Henri Pinault, a d\u00e9cid\u00e9 de remanier la direction et ne conserver que la pr\u00e9sidence.<\/p>\n<p>\u00ab\u00a0Notre entreprise a retrouv\u00e9 une base saine\u00a0\u00bb<\/p>\n<p>\u00ab\u00a0Pendant 5 ans, Luca de Meo a \u0153uvr\u00e9 pour remettre Renault Group, l\u00e0 o\u00f9 est sa place. Sous son leadership, notre entreprise a retrouv\u00e9 une base saine, elle dispose aujourd\u2019hui d\u2019une magnifique gamme de produits et a renou\u00e9 avec la croissance\u00a0\u00bb, a affirm\u00e9 Jean-Dominique Senard, le pr\u00e9sident du conseil d\u2019administration de Renault, cit\u00e9 dans le communiqu\u00e9 du groupe.<\/p>\n<p>Luca de Meo a d\u00e9marr\u00e9 sa carri\u00e8re chez Renault. Il est ensuite pass\u00e9 \u00e0 la direction de Fiat, o\u00f9 il a relanc\u00e9 avec succ\u00e8s la petite 500, avant de redynamiser Seat pour le groupe Volkswagen. Excellent communicant, pro du marketing, cet Italien francophone est arriv\u00e9 \u00e0 la direction g\u00e9n\u00e9rale d\u2019une entreprise traumatis\u00e9e par plus d\u2019un an de crise, dans le sillage de l\u2019affaire <a href=\"https:\/\/www.20minutes.fr\/economie\/carlos_ghosn\/\" class=\"color-ultramarine c-link\" target=\"_blank\" rel=\"noopener\">Carlos Ghosn<\/a>, entre ventes en chute et cadres d\u00e9pit\u00e9s qui claquaient la porte. Il a acc\u00e9l\u00e9r\u00e9 l\u2019\u00e9lectrification de Renault et sa mont\u00e9e en gamme pour tenter de sortir le constructeur de l\u2019orni\u00e8re.<\/p>\n","protected":false},"excerpt":{"rendered":"Le directeur g\u00e9n\u00e9ral du constructeur automobile fran\u00e7ais Renault, Luca de Meo, va quitter le groupe \u00ab\u00a0afin de relever&hellip;\n","protected":false},"author":2,"featured_media":179586,"comment_status":"","ping_status":"","sticky":false,"template":"","format":"standard","meta":{"footnotes":""},"categories":[6],"tags":[47,646,35,33,34,1011,27,24445,10651],"class_list":{"0":"post-179585","1":"post","2":"type-post","3":"status-publish","4":"format-standard","5":"has-post-thumbnail","7":"category-economie","8":"tag-actualite","9":"tag-automobile","10":"tag-business","11":"tag-economie","12":"tag-economy","13":"tag-fr","14":"tag-france","15":"tag-kering","16":"tag-renault"},"share_on_mastodon":{"url":"https:\/\/pubeurope.com\/@fr\/114690183917671179","error":""},"_links":{"self":[{"href":"https:\/\/www.europesays.com\/fr\/wp-json\/wp\/v2\/posts\/179585","targetHints":{"allow":["GET"]}}],"collection":[{"href":"https:\/\/www.europesays.com\/fr\/wp-json\/wp\/v2\/posts"}],"about":[{"href":"https:\/\/www.europesays.com\/fr\/wp-json\/wp\/v2\/types\/post"}],"author":[{"embeddable":true,"href":"https:\/\/www.europesays.com\/fr\/wp-json\/wp\/v2\/users\/2"}],"replies":[{"embeddable":true,"href":"https:\/\/www.europesays.com\/fr\/wp-json\/wp\/v2\/comments?post=179585"}],"version-history":[{"count":0,"href":"https:\/\/www.europesays.com\/fr\/wp-json\/wp\/v2\/posts\/179585\/revisions"}],"wp:featuredmedia":[{"embeddable":true,"href":"https:\/\/www.europesays.com\/fr\/wp-json\/wp\/v2\/media\/179586"}],"wp:attachment":[{"href":"https:\/\/www.europesays.com\/fr\/wp-json\/wp\/v2\/media?parent=179585"}],"wp:term":[{"taxonomy":"category","embeddable":true,"href":"https:\/\/www.europesays.com\/fr\/wp-json\/wp\/v2\/categories?post=179585"},{"taxonomy":"post_tag","embeddable":true,"href":"https:\/\/www.europesays.com\/fr\/wp-json\/wp\/v2\/tags?post=179585"}],"curies":[{"name":"wp","href":"https:\/\/api.w.org\/{rel}","templated":true}]}}