{"id":179588,"date":"2025-06-16T00:22:12","date_gmt":"2025-06-16T00:22:12","guid":{"rendered":"https:\/\/www.europesays.com\/fr\/179588\/"},"modified":"2025-06-16T00:22:12","modified_gmt":"2025-06-16T00:22:12","slug":"a-plomodiern-une-foule-immense-au-meeting-aerien-de-sourire-de-momes-pour-admirer-la-patrouille-de-france-en-images-et-en-video","status":"publish","type":"post","link":"https:\/\/www.europesays.com\/fr\/179588\/","title":{"rendered":"\u00c0 Plomodiern, une foule immense au meeting a\u00e9rien de Sourire de m\u00f4mes pour admirer la Patrouille de France [En images et en vid\u00e9o]"},"content":{"rendered":"<p>C\u2019\u00e9tait la foule des grands jours sur les plages de Lestrevet, \u00e0 Plomodiern, et Pentrez, \u00e0 Saint-Nic\u00a0: environ 15 000 personnes (dont au moins 8 000 entr\u00e9es payantes, selon un comptage effectu\u00e9 \u00e0 14 h), ont fait le d\u00e9placement ce dimanche 15 juin 2025 pour l\u2019\u00e9blouissant meeting a\u00e9rien organis\u00e9 par l\u2019association Sourires de m\u00f4mes, pr\u00e9sid\u00e9e par le dynamique Fr\u00e9d\u00e9ric Massuyeau.<\/p>\n<p>\u00c0 terre ce dimanche, le public a retrouv\u00e9 les animations de l\u2019arm\u00e9e de terre, de l\u2019air et de la Marine, les balades en voitures de collection des \u00ab\u00a0Vieux pistons bretons\u00a0\u00bb, les anciens du bagad de Lann-Bihou\u00e9, la gendarmerie, la Croix-Rouge, les marins pompiers\u2026<\/p>\n<p><img decoding=\"async\" src=\"https:\/\/www.europesays.com\/fr\/wp-content\/uploads\/2025\/06\/684f10e53b4d99f4b60e9de5.1.jpeg\" width=\"480\" height=\"300\" class=\"web_golden_m\" loading=\"lazy\" alt=\"L\u2019Arm\u00e9e de l\u2019air proposait des simulateur sur Rafale.\"\/>L\u2019Arm\u00e9e de l\u2019air proposait des simulateur sur Rafale.<img decoding=\"async\" src=\"https:\/\/www.europesays.com\/fr\/wp-content\/uploads\/2025\/06\/684f10e43b4d99f4b60e9de4.1.jpeg\" width=\"480\" height=\"300\" class=\"web_golden_m\" loading=\"lazy\" alt=\"Le meeting a\u00e9rien de Plomodiern \u00e9tait organis\u00e9 par l\u2019association Sourire de M\u00f4mes, en faveur des enfants handicap\u00e9s.\"\/>Le meeting a\u00e9rien de Plomodiern \u00e9tait organis\u00e9 par l\u2019association Sourire de M\u00f4mes, en faveur des enfants handicap\u00e9s. (Photo Le T\u00e9l\u00e9gramme\/Vincent Le Guern)<img decoding=\"async\" src=\"https:\/\/www.europesays.com\/fr\/wp-content\/uploads\/2025\/06\/684f10e43b4d99f4b60e9de3.1.jpeg\" width=\"480\" height=\"300\" class=\"web_golden_m\" loading=\"lazy\" alt=\"Une d\u00e9monstration des ma\u00eetres-chiens des fusillers marins de la Marine nationale \u00e9tait propos\u00e9e.\"\/>Une d\u00e9monstration des ma\u00eetres-chiens des fusillers marins de la Marine nationale \u00e9tait propos\u00e9e. (Photo Le T\u00e9l\u00e9gramme\/Vincent Le Guern)Fumig\u00e8nes tricolores et frissons<\/p>\n<p>\u00ab\u00a0Lorsque Fr\u00e9d\u00e9ric Massuyeau m\u2019a parl\u00e9 de l\u2019organisation de ce meeting, avec la pr\u00e9sence de la Patrouille de France, j\u2019ai cru \u00e0 une plaisanterie\u2026 Et, avec l\u2019aide des instances militaires repr\u00e9sent\u00e9es, ici et que je remercie, nous y sommes parvenus\u00a0\u00bb, a soulign\u00e9 le s\u00e9nateur du Finist\u00e8re, Philippe Paul.<\/p>\n<p><img decoding=\"async\" src=\"https:\/\/www.europesays.com\/fr\/wp-content\/uploads\/2025\/06\/684f10e40bdd18f50500c2b1.1.jpeg\" width=\"480\" height=\"300\" class=\"web_golden_m\" loading=\"lazy\" alt=\"Les a\u00e9romod\u00e9listes ont ouvert le bal a\u00e9rien avec une d\u00e9monstration \u00e9poustouflante.\"\/>Les a\u00e9romod\u00e9listes ont ouvert le bal a\u00e9rien avec une d\u00e9monstration \u00e9poustouflante.<\/p>\n<p>Apr\u00e8s une d\u00e9monstration impressionnante des a\u00e9romod\u00e9listes et de leurs maquettes volantes plus vraies que nature, c\u2019\u00e9tait l\u2019heure du grand meeting, ouvert directement, cette ann\u00e9e, par la d\u00e9monstration de la Patrouille de France aur\u00e9ol\u00e9e de ses fumig\u00e8nes tricolores\u00a0!<\/p>\n<p><img decoding=\"async\" src=\"https:\/\/www.europesays.com\/fr\/wp-content\/uploads\/2025\/06\/684f10e43b4d99f4b60e9de2.1.jpeg\" width=\"480\" height=\"300\" class=\"web_golden_m\" loading=\"lazy\" alt=\"La Patrouille de France ouvrait le show a\u00e9rien aux couleurs bleu blanc rouge.\"\/>La Patrouille de France ouvrait le show a\u00e9rien aux couleurs bleu blanc rouge.<\/p>\n<p>\u00ab\u00a0Je les avais d\u00e9j\u00e0 vus mais c\u2019est toujours impressionnant, surtout au-dessus de cette magnifique baie de Douarnenez\u00a0\u00bb, se r\u00e9jouissait Gilbert, venu d\u2019une commune voisine.<\/p>\n<p><img decoding=\"async\" src=\"https:\/\/www.europesays.com\/fr\/wp-content\/uploads\/2025\/06\/684f10e49c6e1372d0025b02.1.jpeg\" width=\"480\" height=\"300\" class=\"web_golden_m\" loading=\"lazy\" alt=\"L\u2019Atlantique 2 de la Marine Nationale en a provoqu\u00e9, des sourires de m\u00f4mes\u00a0!\"\/>L\u2019Atlantique 2 de la Marine Nationale en a provoqu\u00e9, des sourires de m\u00f4mes\u00a0! (Photo Le T\u00e9l\u00e9gramme\/Vincent Le Guern)<\/p>\n<p>Ensuite, c\u2019\u00e9tait le d\u00e9fil\u00e9 des a\u00e9ronefs, h\u00e9licopt\u00e8res et autres avions d\u2019hier et d\u2019aujourd\u2019hui, pour le grand plaisir d\u2019un public ravi du spectacle.<\/p>\n","protected":false},"excerpt":{"rendered":"C\u2019\u00e9tait la foule des grands jours sur les plages de Lestrevet, \u00e0 Plomodiern, et Pentrez, \u00e0 Saint-Nic\u00a0: environ&hellip;\n","protected":false},"author":2,"featured_media":179589,"comment_status":"","ping_status":"","sticky":false,"template":"","format":"standard","meta":{"footnotes":""},"categories":[4],"tags":[11,6206,1782,765,3321,1011,27,1393,567,12,31643,25,31644],"class_list":{"0":"post-179588","1":"post","2":"type-post","3":"status-publish","4":"format-standard","5":"has-post-thumbnail","7":"category-france","8":"tag-actualites","9":"tag-chateaulin","10":"tag-defense-nationale","11":"tag-en-continu","12":"tag-finistere","13":"tag-fr","14":"tag-france","15":"tag-loisirs","16":"tag-marine-nationale","17":"tag-news","18":"tag-plomodiern","19":"tag-republique-francaise","20":"tag-saint-nic"},"share_on_mastodon":{"url":"https:\/\/pubeurope.com\/@fr\/114690192065734794","error":""},"_links":{"self":[{"href":"https:\/\/www.europesays.com\/fr\/wp-json\/wp\/v2\/posts\/179588","targetHints":{"allow":["GET"]}}],"collection":[{"href":"https:\/\/www.europesays.com\/fr\/wp-json\/wp\/v2\/posts"}],"about":[{"href":"https:\/\/www.europesays.com\/fr\/wp-json\/wp\/v2\/types\/post"}],"author":[{"embeddable":true,"href":"https:\/\/www.europesays.com\/fr\/wp-json\/wp\/v2\/users\/2"}],"replies":[{"embeddable":true,"href":"https:\/\/www.europesays.com\/fr\/wp-json\/wp\/v2\/comments?post=179588"}],"version-history":[{"count":0,"href":"https:\/\/www.europesays.com\/fr\/wp-json\/wp\/v2\/posts\/179588\/revisions"}],"wp:featuredmedia":[{"embeddable":true,"href":"https:\/\/www.europesays.com\/fr\/wp-json\/wp\/v2\/media\/179589"}],"wp:attachment":[{"href":"https:\/\/www.europesays.com\/fr\/wp-json\/wp\/v2\/media?parent=179588"}],"wp:term":[{"taxonomy":"category","embeddable":true,"href":"https:\/\/www.europesays.com\/fr\/wp-json\/wp\/v2\/categories?post=179588"},{"taxonomy":"post_tag","embeddable":true,"href":"https:\/\/www.europesays.com\/fr\/wp-json\/wp\/v2\/tags?post=179588"}],"curies":[{"name":"wp","href":"https:\/\/api.w.org\/{rel}","templated":true}]}}