{"id":179591,"date":"2025-06-16T00:24:11","date_gmt":"2025-06-16T00:24:11","guid":{"rendered":"https:\/\/www.europesays.com\/fr\/179591\/"},"modified":"2025-06-16T00:24:11","modified_gmt":"2025-06-16T00:24:11","slug":"saint-etienne-metropole-colonnes-a-grands-cartons-linstallation-reportee-a-septembre-2","status":"publish","type":"post","link":"https:\/\/www.europesays.com\/fr\/179591\/","title":{"rendered":"Saint-\u00c9tienne M\u00e9tropole. Colonnes \u00e0 grands cartons\u00a0: l\u2019installation report\u00e9e \u00e0 septembre"},"content":{"rendered":"<p>Depuis l\u2019extension des consignes de tri voici deux ans et demi, \u00ab\u00a0le volume de d\u00e9chets collect\u00e9s dans les bacs jaunes a explos\u00e9\u00a0\u00bb, souligne Fran\u00e7ois Driol, vice-pr\u00e9sident de Saint-\u00c9tienne M\u00e9tropole (SEM) en charge de la gestion des d\u00e9chets.<\/p>\n<p>C\u2019est \u00e9videmment une bonne nouvelle pour la plan\u00e8te, puisque tous ces d\u00e9chets ne sont d\u00e9sormais plus enfouis sur le site de Borde-Matin \u00e0 Roche-la-Moli\u00e8re, mais revaloris\u00e9s dans diff\u00e9rentes fili\u00e8res apr\u00e8s \u00eatre pass\u00e9s par <a href=\"https:\/\/www.leprogres.fr\/environnement\/2024\/05\/16\/modernisation-du-centre-de-tri-on-entre-dans-une-ere-nouvelle\" target=\"_blank\" rel=\"noopener\">le centre de tri flambant neuf de Firminy<\/a>.<\/p>\n<p>4\u00a0536 tonnes de carton collect\u00e9es en 2024 dans les bacs jaunes<\/p>\n<p>Le seul probl\u00e8me, c\u2019est que&#8230;<\/p>\n","protected":false},"excerpt":{"rendered":"Depuis l\u2019extension des consignes de tri voici deux ans et demi, \u00ab\u00a0le volume de d\u00e9chets collect\u00e9s dans les&hellip;\n","protected":false},"author":2,"featured_media":178861,"comment_status":"","ping_status":"","sticky":false,"template":"","format":"standard","meta":{"footnotes":""},"categories":[9653],"tags":[1111,11,17136,2430,7359,7539,436,1777,674,1011,27,12,25,4001,7538],"class_list":{"0":"post-179591","1":"post","2":"type-post","3":"status-publish","4":"format-standard","5":"has-post-thumbnail","7":"category-saint-etienne","8":"tag-actu","9":"tag-actualites","10":"tag-andrezieux-boutheon","11":"tag-auvergne-rhone-alpes","12":"tag-edition-loire-centre","13":"tag-edition-loire-sud","14":"tag-environnement","15":"tag-eu","16":"tag-europe","17":"tag-fr","18":"tag-france","19":"tag-news","20":"tag-republique-francaise","21":"tag-saint-etienne","22":"tag-saint-etienne-ville"},"share_on_mastodon":{"url":"https:\/\/pubeurope.com\/@fr\/114690199592264628","error":""},"_links":{"self":[{"href":"https:\/\/www.europesays.com\/fr\/wp-json\/wp\/v2\/posts\/179591","targetHints":{"allow":["GET"]}}],"collection":[{"href":"https:\/\/www.europesays.com\/fr\/wp-json\/wp\/v2\/posts"}],"about":[{"href":"https:\/\/www.europesays.com\/fr\/wp-json\/wp\/v2\/types\/post"}],"author":[{"embeddable":true,"href":"https:\/\/www.europesays.com\/fr\/wp-json\/wp\/v2\/users\/2"}],"replies":[{"embeddable":true,"href":"https:\/\/www.europesays.com\/fr\/wp-json\/wp\/v2\/comments?post=179591"}],"version-history":[{"count":0,"href":"https:\/\/www.europesays.com\/fr\/wp-json\/wp\/v2\/posts\/179591\/revisions"}],"wp:featuredmedia":[{"embeddable":true,"href":"https:\/\/www.europesays.com\/fr\/wp-json\/wp\/v2\/media\/178861"}],"wp:attachment":[{"href":"https:\/\/www.europesays.com\/fr\/wp-json\/wp\/v2\/media?parent=179591"}],"wp:term":[{"taxonomy":"category","embeddable":true,"href":"https:\/\/www.europesays.com\/fr\/wp-json\/wp\/v2\/categories?post=179591"},{"taxonomy":"post_tag","embeddable":true,"href":"https:\/\/www.europesays.com\/fr\/wp-json\/wp\/v2\/tags?post=179591"}],"curies":[{"name":"wp","href":"https:\/\/api.w.org\/{rel}","templated":true}]}}