{"id":179603,"date":"2025-06-16T00:37:17","date_gmt":"2025-06-16T00:37:17","guid":{"rendered":"https:\/\/www.europesays.com\/fr\/179603\/"},"modified":"2025-06-16T00:37:17","modified_gmt":"2025-06-16T00:37:17","slug":"circuler-a-rennes-des-travaux-de-nuit-lundi-soir-dans-la-rue-de-saint-malo","status":"publish","type":"post","link":"https:\/\/www.europesays.com\/fr\/179603\/","title":{"rendered":"Circuler \u00e0 Rennes\u00a0: des travaux de nuit, lundi soir, dans la rue de Saint-Malo"},"content":{"rendered":"<p>Rennes m\u00e9tropole et la Ville de Rennes (Ille-et-Vilaine) entreprennent ou autorisent des travaux qui entra\u00eenent des modifications des conditions de circulation, \u00e0 retrouver <a href=\"https:\/\/travaux.rennesmetropole.fr\/meteo-travaux\/\" target=\"_blank\" rel=\"noopener\">sur leur site internet.<\/a><\/p>\n<p>Boulevard Volney<\/p>\n<p>Mardi\u00a017 et mercredi 18\u00a0juin, la circulation sera interdite de 9\u00a0h \u00e0 17\u00a0h, entre la Villa-Volney et la rue Jean-Richepin, afin de r\u00e9aliser des travaux de grutage. Dans le sens ouest-est, une d\u00e9viation sera mise en place par le boulevard Emmanuel-Mounier, la place Georges-Bernanos et la rue de Foug\u00e8res. Dans le sens est-ouest, par la rue de Foug\u00e8res, la rue Jean-Richepin, la rue Tr\u00e9gain et le boulevard Emmanuel-Mounier.<\/p>\n<p>Boulevard de la Robiquette<\/p>\n<p>Du lundi\u00a016 au vendredi 20\u00a0juin, la circulation sera interdite dans le sens nord-sud, entre la rue Robert-Duvivier et la rue Gabriel-Germain, afin de r\u00e9aliser des travaux sur le r\u00e9seau d\u2019assainissement. Une d\u00e9viation sera mise en place par la rue du Chesnay-Beauregard et la route de Saint-Malo.<\/p>\n<p>Rue de Saint-Malo<\/p>\n<p>Dans la nuit du lundi\u00a016 au mardi 17\u00a0juin, la circulation sera interdite, de 20\u00a0h \u00e0 6\u00a0h, dans le sens nord-sud, entre la rue Gabriel-Germain et la rue Docteur-Baderot, afin de r\u00e9aliser des travaux de voirie. Une d\u00e9viation sera mise en place par la rue Gabriel-Germain, l\u2019avenue Andr\u00e9-Mussat, l\u2019avenue de Cucill\u00e9, l\u2019avenue de la Pr\u00e9fecture et l\u2019avenue Charles-et-Raymonde-Tillon.<\/p>\n<p>Avenue Gaston-Monnerville<\/p>\n<p>Du jeudi 19\u00a0juin au vendredi 20\u00a0juin, la circulation sera interdite, entre la rue Raymonde-Foreville et l\u2019avenue Jorge-Sempr\u00fan, pour permettre le d\u00e9montage d\u2019une grue. Une d\u00e9viation sera mise en place par le boulevard Villebois-Mareuil et l\u2019avenue Fran\u00e7ois-Ch\u00e2teau.<\/p>\n<p>Avenue G\u00e9n\u00e9ral-Leclerc<\/p>\n<p>Du lundi 16\u00a0juin au mardi 17\u00a0juin, la circulation sera interdite entre la rue du Moulin-de-Jou\u00e9 et la rue Jeanne-Couplan, afin d\u2019intervenir sur le r\u00e9seau \u00e9lectrique. Une d\u00e9viation sera mise en place par la rue du Moulin-de-Jou\u00e9, l\u2019avenue Fran\u00e7ois-Ch\u00e2teau et la rue Django-Reinhardt.<\/p>\n<p>\u00a0<\/p>\n","protected":false},"excerpt":{"rendered":"Rennes m\u00e9tropole et la Ville de Rennes (Ille-et-Vilaine) entreprennent ou autorisent des travaux qui entra\u00eenent des modifications des&hellip;\n","protected":false},"author":2,"featured_media":179604,"comment_status":"","ping_status":"","sticky":false,"template":"","format":"standard","meta":{"footnotes":""},"categories":[2821],"tags":[1111,11,829,18073,1777,674,1011,27,9865,12,293,584,25,3640,3728,3467,2086],"class_list":{"0":"post-179603","1":"post","2":"type-post","3":"status-publish","4":"format-standard","5":"has-post-thumbnail","7":"category-rennes","8":"tag-actu","9":"tag-actualites","10":"tag-bretagne","11":"tag-circuler","12":"tag-eu","13":"tag-europe","14":"tag-fr","15":"tag-france","16":"tag-lundi","17":"tag-news","18":"tag-nuit","19":"tag-rennes","20":"tag-republique-francaise","21":"tag-rue","22":"tag-saint-malo","23":"tag-soir","24":"tag-travaux"},"share_on_mastodon":{"url":"https:\/\/pubeurope.com\/@fr\/114690250724460879","error":""},"_links":{"self":[{"href":"https:\/\/www.europesays.com\/fr\/wp-json\/wp\/v2\/posts\/179603","targetHints":{"allow":["GET"]}}],"collection":[{"href":"https:\/\/www.europesays.com\/fr\/wp-json\/wp\/v2\/posts"}],"about":[{"href":"https:\/\/www.europesays.com\/fr\/wp-json\/wp\/v2\/types\/post"}],"author":[{"embeddable":true,"href":"https:\/\/www.europesays.com\/fr\/wp-json\/wp\/v2\/users\/2"}],"replies":[{"embeddable":true,"href":"https:\/\/www.europesays.com\/fr\/wp-json\/wp\/v2\/comments?post=179603"}],"version-history":[{"count":0,"href":"https:\/\/www.europesays.com\/fr\/wp-json\/wp\/v2\/posts\/179603\/revisions"}],"wp:featuredmedia":[{"embeddable":true,"href":"https:\/\/www.europesays.com\/fr\/wp-json\/wp\/v2\/media\/179604"}],"wp:attachment":[{"href":"https:\/\/www.europesays.com\/fr\/wp-json\/wp\/v2\/media?parent=179603"}],"wp:term":[{"taxonomy":"category","embeddable":true,"href":"https:\/\/www.europesays.com\/fr\/wp-json\/wp\/v2\/categories?post=179603"},{"taxonomy":"post_tag","embeddable":true,"href":"https:\/\/www.europesays.com\/fr\/wp-json\/wp\/v2\/tags?post=179603"}],"curies":[{"name":"wp","href":"https:\/\/api.w.org\/{rel}","templated":true}]}}