{"id":179614,"date":"2025-06-16T00:43:14","date_gmt":"2025-06-16T00:43:14","guid":{"rendered":"https:\/\/www.europesays.com\/fr\/179614\/"},"modified":"2025-06-16T00:43:14","modified_gmt":"2025-06-16T00:43:14","slug":"50-ans-trop-vieux-pour-le-travail-cest-le-theme-dune-table-ronde-ce-mardi","status":"publish","type":"post","link":"https:\/\/www.europesays.com\/fr\/179614\/","title":{"rendered":"\u00ab\u00a050\u00a0ans, trop vieux pour le travail\u00a0?\u00a0\u00bb C\u2019est le th\u00e8me d\u2019une table ronde, ce mardi"},"content":{"rendered":"<p>Comment vieillir au travail\u00a0? L\u2019\u00e2ge \u00e9tant le premier crit\u00e8re de discrimination.<a href=\"https:\/\/rennes.maville.com\/actu\/actudet_-cdi-senior-retraite-progressive-que-contient-le-projet-de-loi-presente-par-le-gouvernement-_54135-6797023_actu.Htm\" target=\"_self\" rel=\"noopener\"> Question \u00e9pineuse \u00e0 l\u2019heure o\u00f9 le d\u00e9bat sur la retraite est loin d\u2019\u00eatre termin\u00e9.<\/a> Les actifs de plus de 50\u00a0ans repr\u00e9sentent aujourd\u2019hui un tiers des travailleurs. On les appelle les seniors et nombreux sont ceux qui ne trouvent plus une entreprise pr\u00eate \u00e0 les recruter.<\/p>\n<p>Une campagne contre\u00a0vieillophobie<\/p>\n<p>Le D\u00e9partement de Loire-Atlantique organise ce mardi 17\u00a0juin une table ronde avec la d\u00e9fenseure des droits, Claire H\u00e9don et l\u2019ancien secr\u00e9taire\u00a0g\u00e9n\u00e9ral de la CFDT, Laurent Berger. Un groupe de citoyens qui a men\u00e9 des travaux, accompagn\u00e9s par Imagine Loire-Atlantique, sur le vieillissement partagera aussi ses r\u00e9flexions et ses propositions d\u2019actions\u00a0: une campagne contre\u00a0vieillophobie, la mise en place d\u2019un indice du Bien Investi dans le Bien vieillir, la cr\u00e9ation de l\u2019\u00e9cole des aidants\u2026<\/p>\n<p><strong>Mardi 17\u00a0juin, <\/strong>\u00e0 18\u00a0h\u00a030, au mus\u00e9e Dobr\u00e9e, 1, place Jean V. Entr\u00e9e libre, mais uniquement sur inscription \u00e0 <a href=\"https:\/\/www.loire-atlantique.fr\/44\/tout-savoir-sur-\/imagine-la-le-conseil-de-developpement-du-departement-de-loire-atlantique\/c_1457670\" target=\"_self\" rel=\"noopener\">loire-atlantique.fr\/conf-imaginela<\/a><\/p>\n<p>Le nombre de places est limit\u00e9.<\/p>\n<p>\u00a0<\/p>\n","protected":false},"excerpt":{"rendered":"Comment vieillir au travail\u00a0? L\u2019\u00e2ge \u00e9tant le premier crit\u00e8re de discrimination. Question \u00e9pineuse \u00e0 l\u2019heure o\u00f9 le d\u00e9bat&hellip;\n","protected":false},"author":2,"featured_media":179615,"comment_status":"","ping_status":"","sticky":false,"template":"","format":"standard","meta":{"footnotes":""},"categories":[2818],"tags":[9273,9285,1111,11,1764,1777,674,1011,27,3687,9778,766,12,2636,25,4978,4611,10948,3847,8029,10586],"class_list":{"0":"post-179614","1":"post","2":"type-post","3":"status-publish","4":"format-standard","5":"has-post-thumbnail","7":"category-nantes","8":"tag-9273","9":"tag-9285","10":"tag-actu","11":"tag-actualites","12":"tag-ans","13":"tag-eu","14":"tag-europe","15":"tag-fr","16":"tag-france","17":"tag-juin","18":"tag-mardi","19":"tag-nantes","20":"tag-news","21":"tag-pays-de-la-loire","22":"tag-republique-francaise","23":"tag-ronde","24":"tag-table","25":"tag-theme","26":"tag-travail","27":"tag-trop","28":"tag-vieux"},"share_on_mastodon":{"url":"https:\/\/pubeurope.com\/@fr\/114690274340136150","error":""},"_links":{"self":[{"href":"https:\/\/www.europesays.com\/fr\/wp-json\/wp\/v2\/posts\/179614","targetHints":{"allow":["GET"]}}],"collection":[{"href":"https:\/\/www.europesays.com\/fr\/wp-json\/wp\/v2\/posts"}],"about":[{"href":"https:\/\/www.europesays.com\/fr\/wp-json\/wp\/v2\/types\/post"}],"author":[{"embeddable":true,"href":"https:\/\/www.europesays.com\/fr\/wp-json\/wp\/v2\/users\/2"}],"replies":[{"embeddable":true,"href":"https:\/\/www.europesays.com\/fr\/wp-json\/wp\/v2\/comments?post=179614"}],"version-history":[{"count":0,"href":"https:\/\/www.europesays.com\/fr\/wp-json\/wp\/v2\/posts\/179614\/revisions"}],"wp:featuredmedia":[{"embeddable":true,"href":"https:\/\/www.europesays.com\/fr\/wp-json\/wp\/v2\/media\/179615"}],"wp:attachment":[{"href":"https:\/\/www.europesays.com\/fr\/wp-json\/wp\/v2\/media?parent=179614"}],"wp:term":[{"taxonomy":"category","embeddable":true,"href":"https:\/\/www.europesays.com\/fr\/wp-json\/wp\/v2\/categories?post=179614"},{"taxonomy":"post_tag","embeddable":true,"href":"https:\/\/www.europesays.com\/fr\/wp-json\/wp\/v2\/tags?post=179614"}],"curies":[{"name":"wp","href":"https:\/\/api.w.org\/{rel}","templated":true}]}}