{"id":179622,"date":"2025-06-16T00:48:10","date_gmt":"2025-06-16T00:48:10","guid":{"rendered":"https:\/\/www.europesays.com\/fr\/179622\/"},"modified":"2025-06-16T00:48:10","modified_gmt":"2025-06-16T00:48:10","slug":"le-finisterien-olivier-cloarec-passe-par-le-stade-rennais-et-brest-pressenti-pour-presider-le-toulouse-football-club","status":"publish","type":"post","link":"https:\/\/www.europesays.com\/fr\/179622\/","title":{"rendered":"Le Finist\u00e9rien Olivier Cloarec, pass\u00e9 par le Stade Rennais et Brest, pressenti pour pr\u00e9sider le Toulouse Football Club"},"content":{"rendered":"<p>Ligue 1<\/p>\n<p>Ancien pr\u00e9sident ex\u00e9cutif et directeur g\u00e9n\u00e9ral du Stade Rennais (de mai 2022 \u00e0 octobre 2024), Olivier Cloarec pourrait rebondir plus au sud. Le natif de Pont-l\u2019Abb\u00e9 (29) fait partie des deux profils retenus par un cabinet de chasseurs de t\u00eate britannique mandat\u00e9 par RedBird (la soci\u00e9t\u00e9 am\u00e9ricaine de placements propri\u00e9taire du TFC) pour pallier le d\u00e9part \u00e0 la Juventus Turin de Damien Comolli et devenir pr\u00e9sident du Toulouse FC. C\u2019est en tout cas <a href=\"https:\/\/www.ladepeche.fr\/2025\/06\/15\/nouveau-president-du-tfc-olivier-cloarec-et-julien-fournier-pressentis-pour-remplacer-damien-comolli-quels-presidents-seraient-ils-12762797.php\" title=\"www.ladepeche.fr\" target=\"_blank\" rel=\"noopener\">La D\u00e9p\u00eache du Midi qui l\u2019indique<\/a>, ce dimanche 15 juin 2025, apr\u00e8s une premi\u00e8re \u00ab\u00a0short-list\u00a0\u00bb rapport\u00e9e par le site <a href=\"https:\/\/www.lesviolets.com\/actu\/fournier-ponsot-cloarec-les-trois-premiers-noms-pour-succeder-a-comolli,77488.html\" title=\"www.lesviolets.com\" target=\"_blank\" rel=\"noopener\">LesViolets.com<\/a> le 2 juin.<\/p>\n<p>Cloarec, 51 ans, conna\u00eet tr\u00e8s bien le football breton, puisqu\u2019avant de diriger le club rouge et noir (il y \u00e9tait arriv\u00e9 le 26 janvier 2021 en qualit\u00e9 de <a href=\"https:\/\/www.letelegramme.fr\/sports\/football\/olivier-cloarec-de-pont-l-abbe-au-stade-rennais-192062.php\" title=\"www.letelegramme.fr\" target=\"_blank\" rel=\"noopener\">directeur g\u00e9n\u00e9ral adjoint<\/a>), il a travaill\u00e9 pour le Stade Brestois (2004-2008 et 2012-2013), club de la ville o\u00f9 il a obtenu sa ma\u00eetrise de droit, le Vannes OC (2008-2012) avec notamment une finale de Coupe de la Ligue perdue en 2009 contre Bordeaux et le FC Lorient (2014-2015).<\/p>\n<p>En Ligue 1 depuis une remont\u00e9e doubl\u00e9e du titre de champion de France de Ligue 2 en 2022, le TFC a remport\u00e9 la Coupe de France 2023 lors d\u2019une finale prolifique contre Nantes (<a href=\"https:\/\/www.letelegramme.fr\/sports\/football\/toutes-les-infos\/coupe-de-france-nantes-perd-sa-coupe-et-bien-plus-que-ca-4098480.php\" title=\"www.letelegramme.fr\" target=\"_blank\" rel=\"noopener\">5-1<\/a>).<\/p>\n<p><a href=\"https:\/\/www.ladepeche.fr\/2025\/06\/15\/nouveau-president-du-tfc-olivier-cloarec-et-julien-fournier-pressentis-pour-remplacer-damien-comolli-quels-presidents-seraient-ils-12762797.php\" title=\"www.ladepeche.fr\" target=\"_blank\" rel=\"noopener\">L\u2019article de La D\u00e9p\u00eache<\/a><\/p>\n<p>Les deux saisons derni\u00e8res ont \u00e9t\u00e9 un peu plus calmes pour Toulouse, entra\u00een\u00e9 depuis l\u2019intersaison 2023 par l\u2019Espagnol Carles Martinez Novell, qui est un habitu\u00e9 du ventre mou de la Ligue 1.<\/p>\n<p>Un match Cloarec &#8211; Julien Fournier\u00a0?<\/p>\n<p>Face \u00e0 Cloarec, le cabinet de recrutement aurait propos\u00e9 \u00e0 RedBird l\u2019ancien directeur g\u00e9n\u00e9ral de l\u2019OGC Nice Julien Fournier. Celui-ci avait <a href=\"https:\/\/www.letelegramme.fr\/france\/galtier-accuse-de-discriminations-lex-entraineur-de-nice-juge-ce-vendredi-6488836.php\" title=\"www.letelegramme.fr\" target=\"_blank\" rel=\"noopener\">mis en cause dans un mail ayant fuit\u00e9 en 2023 l\u2019ancien entra\u00eeneur de Nice Christophe Galtier dans une affaire de racisme<\/a>. Galtier avait \u00e9t\u00e9 relax\u00e9 en d\u00e9cembre 2023. Probl\u00e8me (ou pas), l\u2019un des adjoints de Carles Martinez Novell n\u2019est autre que Jordan Galtier, le fils de l\u2019ancien entra\u00eeneur du PSG (et ancien joueur de Toulouse)&#8230;<\/p>\n<p>Enfin, le directeur g\u00e9n\u00e9ral d\u2019OL Lyonnes (ex-OL f\u00e9minin) aurait aussi \u00e9t\u00e9 cibl\u00e9 pour devenir pr\u00e9sident du TFC selon LesViolets.com mais il aurait d\u00e9clin\u00e9 d\u2019apr\u00e8s L\u2019\u00c9quipe.<\/p>\n","protected":false},"excerpt":{"rendered":"Ligue 1 Ancien pr\u00e9sident ex\u00e9cutif et directeur g\u00e9n\u00e9ral du Stade Rennais (de mai 2022 \u00e0 octobre 2024), Olivier&hellip;\n","protected":false},"author":2,"featured_media":179623,"comment_status":"","ping_status":"","sticky":false,"template":"","format":"standard","meta":{"footnotes":""},"categories":[2816],"tags":[1111,11,1777,674,3317,63,1011,27,12,2680,3323,584,25,60,4449,3087,2312,3165,31648],"class_list":{"0":"post-179622","1":"post","2":"type-post","3":"status-publish","4":"format-standard","5":"has-post-thumbnail","7":"category-toulouse","8":"tag-actu","9":"tag-actualites","10":"tag-eu","11":"tag-europe","12":"tag-fc-lorient","13":"tag-football","14":"tag-fr","15":"tag-france","16":"tag-news","17":"tag-occitanie","18":"tag-pont-labbe","19":"tag-rennes","20":"tag-republique-francaise","21":"tag-sports","22":"tag-stade-brestois","23":"tag-stade-rennais","24":"tag-toulouse","25":"tag-vannes","26":"tag-vannes-oc"},"share_on_mastodon":{"url":"https:\/\/pubeurope.com\/@fr\/114690293998406901","error":""},"_links":{"self":[{"href":"https:\/\/www.europesays.com\/fr\/wp-json\/wp\/v2\/posts\/179622","targetHints":{"allow":["GET"]}}],"collection":[{"href":"https:\/\/www.europesays.com\/fr\/wp-json\/wp\/v2\/posts"}],"about":[{"href":"https:\/\/www.europesays.com\/fr\/wp-json\/wp\/v2\/types\/post"}],"author":[{"embeddable":true,"href":"https:\/\/www.europesays.com\/fr\/wp-json\/wp\/v2\/users\/2"}],"replies":[{"embeddable":true,"href":"https:\/\/www.europesays.com\/fr\/wp-json\/wp\/v2\/comments?post=179622"}],"version-history":[{"count":0,"href":"https:\/\/www.europesays.com\/fr\/wp-json\/wp\/v2\/posts\/179622\/revisions"}],"wp:featuredmedia":[{"embeddable":true,"href":"https:\/\/www.europesays.com\/fr\/wp-json\/wp\/v2\/media\/179623"}],"wp:attachment":[{"href":"https:\/\/www.europesays.com\/fr\/wp-json\/wp\/v2\/media?parent=179622"}],"wp:term":[{"taxonomy":"category","embeddable":true,"href":"https:\/\/www.europesays.com\/fr\/wp-json\/wp\/v2\/categories?post=179622"},{"taxonomy":"post_tag","embeddable":true,"href":"https:\/\/www.europesays.com\/fr\/wp-json\/wp\/v2\/tags?post=179622"}],"curies":[{"name":"wp","href":"https:\/\/api.w.org\/{rel}","templated":true}]}}