{"id":179626,"date":"2025-06-16T00:51:15","date_gmt":"2025-06-16T00:51:15","guid":{"rendered":"https:\/\/www.europesays.com\/fr\/179626\/"},"modified":"2025-06-16T00:51:15","modified_gmt":"2025-06-16T00:51:15","slug":"conflits-dinterets-et-copinages-un-rapport-dezingue-le-premier-bailleur-social-de-la-ville","status":"publish","type":"post","link":"https:\/\/www.europesays.com\/fr\/179626\/","title":{"rendered":"Conflits d\u2019int\u00e9r\u00eats et copinages, un rapport d\u00e9zingue le premier bailleur social de la ville"},"content":{"rendered":"<p>La bouillabaisse <a href=\"https:\/\/www.20minutes.fr\/marseille\/\" class=\"color-ultramarine c-link\" target=\"_blank\" rel=\"noopener\">marseillaise <\/a>concoct\u00e9e chez le bailleur social 13 Habitat, le 1er du d\u00e9partement avec 35.000 logements, passe mal. Un rapport, dont <a href=\"https:\/\/www.laprovence.com\/article\/region\/43518060542452\/info-la-provence-conflits-dinterets-marches-publics-confies-a-des-proches-le-rapport-qui-accable-13-habitat-premier-bailleur-social-des-bouches-du-rhone\" rel=\"nofollow noopener\" target=\"_blank\" class=\"color-ultramarine c-link\">La Provence <\/a>a pu prendre connaissance et d\u00e9taillant par le menu des pratiques de favoritismes, de copinages et de conflits d\u2019int\u00e9r\u00eats a \u00e9t\u00e9 remis au pr\u00e9fet de r\u00e9gion. Et celui-ci est sal\u00e9 pour ses dirigeants.<\/p>\n<p>Il n\u2019\u00e9pargne ni sa pr\u00e9sidente Nora Preziosi, conseill\u00e8re d\u00e9partementale des Bouches-du-Rh\u00f4ne \u00e9lue sur une liste <a href=\"https:\/\/www.20minutes.fr\/politique\/lr\/\" class=\"color-ultramarine c-link\" target=\"_blank\" rel=\"noopener\">LR<\/a> et <a href=\"https:\/\/www.laprovence.com\/article\/politique\/34192845804504\/nora-preziosi-ecartee-de-la-presidence-de-13-habitat\" rel=\"nofollow noopener\" target=\"_blank\" class=\"color-ultramarine c-link\">\u00e9cart\u00e9e de ses fonctions ce vendredi \u00e0 la suite de ces r\u00e9v\u00e9lations<\/a>, ni plusieurs cadres dirigeants. Dans leur rapport donc, \u00e0 la suite duquel le pr\u00e9fet de r\u00e9gion aurait effectu\u00e9 un signalement au procureur de la R\u00e9publique, les agents de l\u2019Ancols (Agence nationale de contr\u00f4le du logement social) font \u00e9tat de \u00ab\u00a0situations de conflits d\u2019int\u00e9r\u00eats\u00a0\u00bb. Le quotidien proven\u00e7al cite ensuite plusieurs de ceux-ci, qui concernent autant l\u2019attribution des logements sociaux, que les proc\u00e9dures de recrutements ou l\u2019octroi des march\u00e9s publics.<\/p>\n<p>Une compagne \u00ab\u00a0conseill\u00e8re facteur humain\u00a0\u00bb \u00e0 5.500\u20ac\/mois<\/p>\n<p>Ainsi, <a href=\"https:\/\/marsactu.fr\/presidente-de-13-habitat-nora-preziosi-a-place-sa-mere-dans-un-logement-social-aux-catalans\/\" rel=\"nofollow noopener\" target=\"_blank\" class=\"color-ultramarine c-link\">s\u2019il \u00e9tait connu depuis l\u2019\u00e9t\u00e9 dernier par Marsactu <\/a>&#8211; et assum\u00e9 par Nora Preziosi &#8211; que la pr\u00e9sidente de 13 Habitat <a href=\"https:\/\/www.20minutes.fr\/faits_divers\/faits-divers-marseille\/4101531-20240716-marseille-faux-proces-fait-presidente-bailleur-social-soupconnee-avoir-favorise-mere\" class=\"color-ultramarine c-link\" target=\"_blank\" rel=\"noopener\">avait fait attribuer \u00e0 sa m\u00e8re un T4, en bord de mer avec une large terrasse<\/a> et refait \u00e0 neuf pour un peu plus de 40.000 euros de travaux, la fille d\u2019un des directeurs de l\u2019office HLM a \u00e9galement b\u00e9n\u00e9fici\u00e9 du m\u00eame traitement. Deux autres cas de logements attribu\u00e9s \u00e0 des membres des familles de cadres dirigeants ont \u00e9galement \u00e9t\u00e9 relev\u00e9s.<\/p>\n<\/p>\n<p>Et les <a href=\"https:\/\/www.20minutes.fr\/dossier\/conflit_d_interets\" class=\"color-ultramarine c-link\" target=\"_blank\" rel=\"noopener\">conflits d\u2019int\u00e9r\u00eats<\/a>, copinages et favoritismes ne s\u2019arr\u00eatent pas l\u00e0. Un cadre avait fait embaucher sa compagne comme \u00ab\u00a0conseill\u00e8re facteur humain\u00a0\u00bb avec un confortable salaire de 5.500 euros par mois tandis que le fils d\u2019un des administrateurs s\u2019\u00e9tait vu confier un contrat de marketing digital. Les r\u00e9dacteurs du rapport se sont aussi attard\u00e9s sur un contrat de r\u00e9novation et d\u2019entretien de pr\u00e8s de 12\u00a0millions d\u2019euros confi\u00e9 \u00e0 une entreprise de taille modeste, dont les auteurs doutent qu\u2019elle soit suffisamment calibr\u00e9e pour mener \u00e0 bien cette mission.<\/p>\n<p>Pour finir, les d\u00e9penses de personnels d\u2019augmenter de 5\u00a0millions d\u2019euros entre\u00a02019 et\u00a02023, cela m\u00eame pendant que le nombre d\u2019employ\u00e9s diminuait, compl\u00e8te La Provence.<\/p>\n","protected":false},"excerpt":{"rendered":"La bouillabaisse marseillaise concoct\u00e9e chez le bailleur social 13 Habitat, le 1er du d\u00e9partement avec 35.000 logements, passe&hellip;\n","protected":false},"author":2,"featured_media":179627,"comment_status":"","ping_status":"","sticky":false,"template":"","format":"standard","meta":{"footnotes":""},"categories":[2814],"tags":[1111,11,31650,885,30077,1770,1777,674,1011,27,31649,8335,16354,884,12,883,882,1306,25],"class_list":{"0":"post-179626","1":"post","2":"type-post","3":"status-publish","4":"format-standard","5":"has-post-thumbnail","7":"category-marseille","8":"tag-actu","9":"tag-actualites","10":"tag-bailleurs-sociaux","11":"tag-bouches-du-rhone","12":"tag-conflit-dinterets","13":"tag-corruption","14":"tag-eu","15":"tag-europe","16":"tag-fr","17":"tag-france","18":"tag-hlm","19":"tag-les-republicains-lr","20":"tag-logement-social","21":"tag-marseille","22":"tag-news","23":"tag-paca","24":"tag-provence-alpes-cote-dazur","25":"tag-regions","26":"tag-republique-francaise"},"share_on_mastodon":{"url":"https:\/\/pubeurope.com\/@fr\/114690305895830655","error":""},"_links":{"self":[{"href":"https:\/\/www.europesays.com\/fr\/wp-json\/wp\/v2\/posts\/179626","targetHints":{"allow":["GET"]}}],"collection":[{"href":"https:\/\/www.europesays.com\/fr\/wp-json\/wp\/v2\/posts"}],"about":[{"href":"https:\/\/www.europesays.com\/fr\/wp-json\/wp\/v2\/types\/post"}],"author":[{"embeddable":true,"href":"https:\/\/www.europesays.com\/fr\/wp-json\/wp\/v2\/users\/2"}],"replies":[{"embeddable":true,"href":"https:\/\/www.europesays.com\/fr\/wp-json\/wp\/v2\/comments?post=179626"}],"version-history":[{"count":0,"href":"https:\/\/www.europesays.com\/fr\/wp-json\/wp\/v2\/posts\/179626\/revisions"}],"wp:featuredmedia":[{"embeddable":true,"href":"https:\/\/www.europesays.com\/fr\/wp-json\/wp\/v2\/media\/179627"}],"wp:attachment":[{"href":"https:\/\/www.europesays.com\/fr\/wp-json\/wp\/v2\/media?parent=179626"}],"wp:term":[{"taxonomy":"category","embeddable":true,"href":"https:\/\/www.europesays.com\/fr\/wp-json\/wp\/v2\/categories?post=179626"},{"taxonomy":"post_tag","embeddable":true,"href":"https:\/\/www.europesays.com\/fr\/wp-json\/wp\/v2\/tags?post=179626"}],"curies":[{"name":"wp","href":"https:\/\/api.w.org\/{rel}","templated":true}]}}