{"id":179630,"date":"2025-06-16T00:53:16","date_gmt":"2025-06-16T00:53:16","guid":{"rendered":"https:\/\/www.europesays.com\/fr\/179630\/"},"modified":"2025-06-16T00:53:16","modified_gmt":"2025-06-16T00:53:16","slug":"debut-des-travaux-damenagement-en-juin","status":"publish","type":"post","link":"https:\/\/www.europesays.com\/fr\/179630\/","title":{"rendered":"d\u00e9but des travaux d\u2019am\u00e9nagement en juin"},"content":{"rendered":"<p itemprop=\"description\"><strong>La place Bellevue, situ\u00e9e dans le 1er arrondissement de Lyon, est la cible d\u2019un projet d\u2019am\u00e9nagement afin d\u2019offrir un espace public re-v\u00e9g\u00e9talis\u00e9 et plus convivial. Des travaux sont pr\u00e9vus de juin \u00e0 d\u00e9cembre.<\/strong><\/p>\n<p>Le site embl\u00e9matique de la Croix-Rousse, la place Bellevue, se transforme. D\u00e8s juin, des travaux d\u2019am\u00e9nagement seront r\u00e9alis\u00e9s sur la place.<\/p>\n<p>Un am\u00e9nagement port\u00e9 conjointement par la Ville de Lyon et la M\u00e9tropole qui souhaitent offrir aux habitants un espace public r\u00e9nov\u00e9, re-v\u00e9g\u00e9talis\u00e9 et plus convivial. Depuis plusieurs ann\u00e9es, la place Bellevue se d\u00e9grade de plus en plus suite \u00e0 une forte fr\u00e9quentation.<\/p>\n<p>\u00ab\u00a0Ce r\u00e9am\u00e9nagement s\u2019inscrit dans notre volont\u00e9 de renforcer les espaces verts de proximit\u00e9 et d\u2019embellir la ville, pour le confort des habitants comme des visiteurs\u00a0\u00bb, pr\u00e9cise Yasmine Bouagga, maire du 1er arrondissement. Ce projet souhaite la remise en \u00e9tat des cheminements, l\u2019installation de quelques bancs et une v\u00e9g\u00e9talisation repens\u00e9e avec des arbres replant\u00e9s et des massifs d\u2019arbustes pour redonner vie \u00e0 cet espace.<\/p>\n<p>La nouvelle place proposera donc un parvis r\u00e9am\u00e9nag\u00e9 devant le fort Saint-Laurent, une esplanade pi\u00e9tonne paysag\u00e9e, un belv\u00e9d\u00e8re embelli et accessible, des cheminements plus confortables pour les pi\u00e9tons, une nouvelle palette de mobiliers adapt\u00e9s aux usagers et aux publics.<\/p>\n<p>Les contraintes patrimoniales et paysag\u00e8res du site seront prises en compte dans les am\u00e9nagements. Les rev\u00eatements, le mobilier et les choix d\u2019\u00e9clairage respecteront les pr\u00e9conisations patrimoniales du site.<\/p>\n<p><strong>Des travaux entre juin et d\u00e9cembre<\/strong><\/p>\n<p>L\u2019am\u00e9nagement donnera lieu \u00e0 des travaux \u00e0 partir de juin et s\u2019\u00e9tendront jusqu\u2019\u00e0 d\u00e9cembre 2025. Certaines contraintes sont donc \u00e0 prendre en note. La circulation automobile sera interrompue rue Bodin et l\u2019aire canine sera temporairement ferm\u00e9e.<\/p>\n<p>Le projet est estim\u00e9 \u00e0 650 000 euros.<\/p>\n","protected":false},"excerpt":{"rendered":"La place Bellevue, situ\u00e9e dans le 1er arrondissement de Lyon, est la cible d\u2019un projet d\u2019am\u00e9nagement afin d\u2019offrir&hellip;\n","protected":false},"author":2,"featured_media":179631,"comment_status":"","ping_status":"","sticky":false,"template":"","format":"standard","meta":{"footnotes":""},"categories":[1889],"tags":[1111,11,2813,2190,2430,1109,251,1112,2811,1777,674,118,1011,27,1922,1110,1114,2428,2810,12,241,316,25,2812,517,800],"class_list":{"0":"post-179630","1":"post","2":"type-post","3":"status-publish","4":"format-standard","5":"has-post-thumbnail","7":"category-lyon","8":"tag-actu","9":"tag-actualites","10":"tag-article","11":"tag-asvel","12":"tag-auvergne-rhone-alpes","13":"tag-breves","14":"tag-culture","15":"tag-depeches","16":"tag-economique","17":"tag-eu","18":"tag-europe","19":"tag-faits-divers","20":"tag-fr","21":"tag-france","22":"tag-info","23":"tag-informations","24":"tag-infos","25":"tag-lyon","26":"tag-lyonmag","27":"tag-news","28":"tag-ol","29":"tag-politique","30":"tag-republique-francaise","31":"tag-sociale","32":"tag-sport","33":"tag-transports"},"share_on_mastodon":{"url":"https:\/\/pubeurope.com\/@fr\/114690313775607804","error":""},"_links":{"self":[{"href":"https:\/\/www.europesays.com\/fr\/wp-json\/wp\/v2\/posts\/179630","targetHints":{"allow":["GET"]}}],"collection":[{"href":"https:\/\/www.europesays.com\/fr\/wp-json\/wp\/v2\/posts"}],"about":[{"href":"https:\/\/www.europesays.com\/fr\/wp-json\/wp\/v2\/types\/post"}],"author":[{"embeddable":true,"href":"https:\/\/www.europesays.com\/fr\/wp-json\/wp\/v2\/users\/2"}],"replies":[{"embeddable":true,"href":"https:\/\/www.europesays.com\/fr\/wp-json\/wp\/v2\/comments?post=179630"}],"version-history":[{"count":0,"href":"https:\/\/www.europesays.com\/fr\/wp-json\/wp\/v2\/posts\/179630\/revisions"}],"wp:featuredmedia":[{"embeddable":true,"href":"https:\/\/www.europesays.com\/fr\/wp-json\/wp\/v2\/media\/179631"}],"wp:attachment":[{"href":"https:\/\/www.europesays.com\/fr\/wp-json\/wp\/v2\/media?parent=179630"}],"wp:term":[{"taxonomy":"category","embeddable":true,"href":"https:\/\/www.europesays.com\/fr\/wp-json\/wp\/v2\/categories?post=179630"},{"taxonomy":"post_tag","embeddable":true,"href":"https:\/\/www.europesays.com\/fr\/wp-json\/wp\/v2\/tags?post=179630"}],"curies":[{"name":"wp","href":"https:\/\/api.w.org\/{rel}","templated":true}]}}