{"id":179632,"date":"2025-06-16T00:54:20","date_gmt":"2025-06-16T00:54:20","guid":{"rendered":"https:\/\/www.europesays.com\/fr\/179632\/"},"modified":"2025-06-16T00:54:20","modified_gmt":"2025-06-16T00:54:20","slug":"rhone-disparition-dun-pere-de-famille-lyonnais-un-corps-retrouve-en-montagne","status":"publish","type":"post","link":"https:\/\/www.europesays.com\/fr\/179632\/","title":{"rendered":"Rh\u00f4ne . Disparition d\u2019un p\u00e8re de famille lyonnais : un corps retrouv\u00e9 en montagne"},"content":{"rendered":"<p>Des volontaires partis \u00e0 la recherche de Vincent Prat, le p\u00e8re de famille lyonnais disparu depuis lundi 9\u00a0juin, ont d\u00e9couvert un corps au pied d\u2019une barre rocheuse \u00e0 Drumettaz-Clarafond, <a href=\"https:\/\/www.ledauphine.com\/faits-divers-justice\/2025\/06\/14\/disparition-de-vincent-prat-un-corps-retrouve-a-drumettaz-clarafond\" target=\"_blank\" rel=\"nofollow noopener\">ce samedi 14\u00a0juin<\/a> , peu apr\u00e8s 14 heures.<\/p>\n<p>La victime a \u00e9t\u00e9 retrouv\u00e9e dans un endroit inaccessible \u00e0 pied et l\u2019intervention du PHGM de la Savoie a \u00e9t\u00e9 n\u00e9cessaire pour h\u00e9liporter la d\u00e9pouille. Les gendarmes de la brigade d\u2019Aix-les-Bains sont intervenus sur place pour proc\u00e9der aux constatations avec un technicien en identification criminelle.<\/p>\n<p>Selon les premiers indices recueillis, il pourrait s\u2019agir tr\u00e8s probablement du malheureux disparu. Mais la gendarmerie reste prudente\u00a0: \u00ab\u00a0Il faut attendre les analyses ADN, qui vont \u00eatre r\u00e9alis\u00e9es rapidement, pour d\u00e9terminer avec certitude l\u2019identit\u00e9 du corps.\u00a0\u00bb Sur le secteur, aucune autre personne n\u2019\u00e9tait recherch\u00e9e.<\/p>\n<p>Toute la journ\u00e9e, <a href=\"https:\/\/www.ledauphine.com\/faits-divers-justice\/2025\/06\/14\/disparition-de-vincent-prat-dans-les-bauges-80-personnes-mobilisees-pour-le-chercher\" target=\"_blank\" rel=\"nofollow noopener\"> les recherches se sont concentr\u00e9es<\/a> sur le secteur vers la partie basse de la face nord des Bauges, sur le secteur M\u00e9ry, Drumettaz-Clarafond et Mouxy. Des zones n\u2019ayant pas encore \u00e9t\u00e9 explor\u00e9es ou seulement de mani\u00e8re partielle. C\u2019est pr\u00e9cis\u00e9ment dans un de ces secteurs que les volontaires ont d\u00e9couvert le corps, en d\u00e9but d\u2019apr\u00e8s-midi.<\/p>\n<p>Ce contenu est bloqu\u00e9 car vous n&rsquo;avez pas accept\u00e9 les cookies et autres traceurs.<\/p>\n<p>En cliquant sur \u00ab J\u2019accepte \u00bb, les cookies et autres traceurs seront d\u00e9pos\u00e9s et vous pourrez visualiser les contenus  (<a href=\"\" class=\"consentModule_policy\" target=\"_blank\" title=\"Consulter la politique de protection des donn\u00e9es du fournisseur\">plus d&rsquo;informations<\/a>).<\/p>\n<p>En cliquant sur \u00ab J\u2019accepte tous les cookies \u00bb, vous autorisez des d\u00e9p\u00f4ts de cookies et autres traceurs pour le stockage de vos donn\u00e9es sur nos sites et applications \u00e0 des fins de personnalisation et de ciblage publicitaire.<\/p>\n<p class=\"consentModule_secondaryText\">Vous gardez la possibilit\u00e9 de retirer votre consentement \u00e0 tout moment en consultant notre <a href=\"https:\/\/www.leprogres.fr\/protection-des-donnees\" target=\"_blank\" title=\"Consulter notre politique de protection des donn\u00e9es\" rel=\"nofollow noopener\">politique de protection des donn\u00e9es<\/a>. <br \/>&#13;<br \/>\n            <a href=\"https:\/\/www.leprogres.fr\/faits-divers-justice\/2025\/06\/15\/javascript:Didomi.notice.show()\" class=\"consentModule_cmp\" rel=\"nofollow noopener\" target=\"_blank\">G\u00e9rer mes choix<\/a>&#13;\n        <\/p>\n<p>&#13;<br \/>\n                        J&rsquo;accepte&#13;<br \/>\n            J&rsquo;accepte tous les cookies&#13;\n        <\/p>\n<p>Depuis mercredi 11\u00a0juin, un important dispositif \u00e9tait d\u00e9ploy\u00e9 pour tenter de retrouver Vincent Prat. Apr\u00e8s que les recherches ont mobilis\u00e9 des dizaines de gendarmes cette semaine, ce samedi 14\u00a0juin, les proches avaient pris le relais. <\/p>\n<p>D\u00e8s 6\u00a0h\u00a030, pr\u00e8s de 80 personnes \u00e9taient au rendez-vous, r\u00e9pondant \u00e0 l\u2019appel de la famille \u00e0 la Maison des associations de M\u00e9ry. Des volontaires, proches ou non de la famille Prat. Certains venant en solidarit\u00e9. \u00ab\u00a0Nous avons vu l\u2019appel sur Facebook. C\u2019\u00e9tait normal que nous venions apporter notre aide\u00a0\u00bb, t\u00e9moignaient au Dauphin\u00e9 Lib\u00e9r\u00e9 \u00a0S\u00e9bastien, Ariane et St\u00e9phanie, originaire du bassin chamb\u00e9rien, venus explorer le secteur de Mouxy samedi matin.<\/p>\n","protected":false},"excerpt":{"rendered":"Des volontaires partis \u00e0 la recherche de Vincent Prat, le p\u00e8re de famille lyonnais disparu depuis lundi 9\u00a0juin,&hellip;\n","protected":false},"author":2,"featured_media":179633,"comment_status":"","ping_status":"","sticky":false,"template":"","format":"standard","meta":{"footnotes":""},"categories":[1889],"tags":[1111,11,2430,3676,2757,1777,674,274,107,1011,27,2428,2756,12,25,2429],"class_list":{"0":"post-179632","1":"post","2":"type-post","3":"status-publish","4":"format-standard","5":"has-post-thumbnail","7":"category-lyon","8":"tag-actu","9":"tag-actualites","10":"tag-auvergne-rhone-alpes","11":"tag-disparition-inquietante","12":"tag-edition-lyon-villeurbanne","13":"tag-eu","14":"tag-europe","15":"tag-faits-divers-justice","16":"tag-fil-info","17":"tag-fr","18":"tag-france","19":"tag-lyon","20":"tag-lyon-bassin","21":"tag-news","22":"tag-republique-francaise","23":"tag-rhone"},"share_on_mastodon":{"url":"https:\/\/pubeurope.com\/@fr\/114690317776050832","error":""},"_links":{"self":[{"href":"https:\/\/www.europesays.com\/fr\/wp-json\/wp\/v2\/posts\/179632","targetHints":{"allow":["GET"]}}],"collection":[{"href":"https:\/\/www.europesays.com\/fr\/wp-json\/wp\/v2\/posts"}],"about":[{"href":"https:\/\/www.europesays.com\/fr\/wp-json\/wp\/v2\/types\/post"}],"author":[{"embeddable":true,"href":"https:\/\/www.europesays.com\/fr\/wp-json\/wp\/v2\/users\/2"}],"replies":[{"embeddable":true,"href":"https:\/\/www.europesays.com\/fr\/wp-json\/wp\/v2\/comments?post=179632"}],"version-history":[{"count":0,"href":"https:\/\/www.europesays.com\/fr\/wp-json\/wp\/v2\/posts\/179632\/revisions"}],"wp:featuredmedia":[{"embeddable":true,"href":"https:\/\/www.europesays.com\/fr\/wp-json\/wp\/v2\/media\/179633"}],"wp:attachment":[{"href":"https:\/\/www.europesays.com\/fr\/wp-json\/wp\/v2\/media?parent=179632"}],"wp:term":[{"taxonomy":"category","embeddable":true,"href":"https:\/\/www.europesays.com\/fr\/wp-json\/wp\/v2\/categories?post=179632"},{"taxonomy":"post_tag","embeddable":true,"href":"https:\/\/www.europesays.com\/fr\/wp-json\/wp\/v2\/tags?post=179632"}],"curies":[{"name":"wp","href":"https:\/\/api.w.org\/{rel}","templated":true}]}}