{"id":179634,"date":"2025-06-16T00:55:15","date_gmt":"2025-06-16T00:55:15","guid":{"rendered":"https:\/\/www.europesays.com\/fr\/179634\/"},"modified":"2025-06-16T00:55:15","modified_gmt":"2025-06-16T00:55:15","slug":"pour-reduire-la-pollution-le-prefet-baisse-les-vitesses-autorisees-ce-mercredi-liberation","status":"publish","type":"post","link":"https:\/\/www.europesays.com\/fr\/179634\/","title":{"rendered":"pour r\u00e9duire la pollution, le pr\u00e9fet baisse les vitesses autoris\u00e9es ce mercredi \u2013 Lib\u00e9ration"},"content":{"rendered":"<p class=\"sc-ksZaOG ehjQrN text-element\">Ralentir pour moins polluer. Le pr\u00e9fet de police a ordonn\u00e9 une baisse de 10 \u00e0 20 km\/h de la vitesse maximale autoris\u00e9e sur les routes et autoroutes d\u2019Ile-de-France mercredi 5 mars de 5 h 30 \u00e0 minuit, \u00abafin de r\u00e9duire les \u00e9missions de polluants dans l\u2019atmosph\u00e8re\u00bb.<\/p>\n<p class=\"sc-ksZaOG ehjQrN text-element\">L\u2019agglom\u00e9ration parisienne conna\u00eet un \u00e9pisode de pollution \u00abpersistant\u00bb aux particules fines depuis mardi, indique la pr\u00e9fecture de police dans un communiqu\u00e9 diffus\u00e9 dans la soir\u00e9e. \u00abCette pollution est li\u00e9e majoritairement au chauffage au bois et au trafic routier, conjugu\u00e9s \u00e0 une m\u00e9t\u00e9orologie d\u00e9favorable \u00e0 la dispersion des polluants\u00bb, le temps \u00e9tant sec et ensoleill\u00e9, pr\u00e9cise-t-on de m\u00eame source.<\/p>\n<p class=\"sc-ksZaOG ehjQrN text-element\">Pour limiter la pollution, le pr\u00e9fet Laurent Nu\u00f1ez a donc ordonn\u00e9 des r\u00e9ductions des vitesses maximales autoris\u00e9es mercredi entre 5 h 30 et minuit. Sur les routes et autoroutes, les automobilistes devront rouler \u00e0 110 km\/h sur les portions limit\u00e9es \u00e0 130 km\/h, \u00e0 90 km\/h sur celles limit\u00e9es \u00e0 110, et \u00e0 70 km\/h sur celles limit\u00e9es \u00e0 90 ou 80 km\/h, d\u00e9taille le communiqu\u00e9 pr\u00e9fectoral. \u00abL\u2019utilisation du chauffage individuel au bois d\u2019appoint ou d\u2019agr\u00e9ment\u00bb est \u00e9galement interdite, ajoute la pr\u00e9fecture.<\/p>\n<p class=\"sc-ksZaOG ehjQrN text-element\">Les abaissements de vitesses autoris\u00e9es sont <a href=\"https:\/\/www.liberation.fr\/environnement\/pollution\/pollution-de-lair-des-pics-de-particules-fines-partout-en-france-20250218_GTAVA7VBJ5CUZLGPBGFLEEMVQ4\/\" target=\"_blank\" rel=\"nofollow noopener\">de plus en plus fr\u00e9quents pour tenter de faire face aux \u00e9pisodes de pollutions<\/a>. Ces derni\u00e8res semaines, de telles mesures ont \u00e9t\u00e9 prises dans le Nord, dans le Pas-de-Calais, en Haute-Garonne ou dans l\u2019Oise.<\/p>\n<p class=\"sc-ksZaOG ehjQrN text-element\">Pour lutter contre les particules fines notamment, la mairie de Paris a \u00e9galement mis en place, lundi 3 mars, <a href=\"https:\/\/www.liberation.fr\/environnement\/climat\/paris-une-voie-reservee-au-covoiturage-sur-le-peripherique-des-le-3-mars-20250203_KG26UJ7R55FJJI3IO7O5JFZ6RM\/\" target=\"_blank\" rel=\"nofollow noopener\">une file r\u00e9serv\u00e9e au covoiturage et aux transports en commun sur le p\u00e9riph\u00e9rique parisien<\/a> et une partie des autoroutes A1 et A13. Cet am\u00e9nagement, pr\u00e9vu par le plan climat 2024-2030 de la capitale pour r\u00e9duire son empreinte carbone d\u2019ici \u00e0 2050, avait \u00e9t\u00e9 exp\u00e9riment\u00e9 durant les Jeux olympiques de Paris 2024. L\u2019id\u00e9e est d\u2019att\u00e9nuer la pollution, atmosph\u00e9rique comme sonore, dans la capitale, et de faire du p\u00e9riph\u00e9rique un \u00abboulevard urbain\u00bb. L\u2019abaissement d\u00e9finitif de la vitesse maximale de 70\u00a0km\/h \u00e0 50\u00a0km\/h sur le p\u00e9riph\u00e9rique parisien, lui, a \u00e9t\u00e9 mis en place le 1er\u00a0octobre.<\/p>\n","protected":false},"excerpt":{"rendered":"Ralentir pour moins polluer. Le pr\u00e9fet de police a ordonn\u00e9 une baisse de 10 \u00e0 20 km\/h de&hellip;\n","protected":false},"author":2,"featured_media":179635,"comment_status":"","ping_status":"","sticky":false,"template":"","format":"standard","meta":{"footnotes":""},"categories":[1592],"tags":[1111,11,1777,674,1011,27,662,12,626,5140,25],"class_list":{"0":"post-179634","1":"post","2":"type-post","3":"status-publish","4":"format-standard","5":"has-post-thumbnail","7":"category-ile-de-france","8":"tag-actu","9":"tag-actualites","10":"tag-eu","11":"tag-europe","12":"tag-fr","13":"tag-france","14":"tag-ile-de-france","15":"tag-news","16":"tag-paris","17":"tag-rechauffement-climatique","18":"tag-republique-francaise"},"share_on_mastodon":{"url":"https:\/\/pubeurope.com\/@fr\/114690321455943612","error":""},"_links":{"self":[{"href":"https:\/\/www.europesays.com\/fr\/wp-json\/wp\/v2\/posts\/179634","targetHints":{"allow":["GET"]}}],"collection":[{"href":"https:\/\/www.europesays.com\/fr\/wp-json\/wp\/v2\/posts"}],"about":[{"href":"https:\/\/www.europesays.com\/fr\/wp-json\/wp\/v2\/types\/post"}],"author":[{"embeddable":true,"href":"https:\/\/www.europesays.com\/fr\/wp-json\/wp\/v2\/users\/2"}],"replies":[{"embeddable":true,"href":"https:\/\/www.europesays.com\/fr\/wp-json\/wp\/v2\/comments?post=179634"}],"version-history":[{"count":0,"href":"https:\/\/www.europesays.com\/fr\/wp-json\/wp\/v2\/posts\/179634\/revisions"}],"wp:featuredmedia":[{"embeddable":true,"href":"https:\/\/www.europesays.com\/fr\/wp-json\/wp\/v2\/media\/179635"}],"wp:attachment":[{"href":"https:\/\/www.europesays.com\/fr\/wp-json\/wp\/v2\/media?parent=179634"}],"wp:term":[{"taxonomy":"category","embeddable":true,"href":"https:\/\/www.europesays.com\/fr\/wp-json\/wp\/v2\/categories?post=179634"},{"taxonomy":"post_tag","embeddable":true,"href":"https:\/\/www.europesays.com\/fr\/wp-json\/wp\/v2\/tags?post=179634"}],"curies":[{"name":"wp","href":"https:\/\/api.w.org\/{rel}","templated":true}]}}