{"id":17964,"date":"2025-04-11T18:30:12","date_gmt":"2025-04-11T18:30:12","guid":{"rendered":"https:\/\/www.europesays.com\/fr\/17964\/"},"modified":"2025-04-11T18:30:12","modified_gmt":"2025-04-11T18:30:12","slug":"unss-une-en-volley-de-medailles-pour-le-lycee-louise-michel-de-narbonne","status":"publish","type":"post","link":"https:\/\/www.europesays.com\/fr\/17964\/","title":{"rendered":"UNSS : une en-volley de m\u00e9dailles pour le lyc\u00e9e Louise-Michel de Narbonne !"},"content":{"rendered":"<p>\n                                                                Du 25 au 28 mars, puis du 31 mars au 3 avril, les \u00e9quipes de volley gar\u00e7ons et filles du lyc\u00e9e Louise Michel ont particip\u00e9 au championnat de France de volley UNSS.\n                            <\/p>\n<p>Lors de la premi\u00e8re journ\u00e9e \u00e0 Albi, les gar\u00e7ons, au terme de matchs longtemps ind\u00e9cis, sont parvenus \u00e0 sortir \u00e0 la deuxi\u00e8me place d\u2019une poule tr\u00e8s relev\u00e9e. En huiti\u00e8me de finale, c\u2019est Annecy qui se dresse sur la route des Narbonnais, qui parviennent \u00e0 prendre le dessus 2 sets \u00e0 0. Le lendemain, le capitaine Vincent Cadet et sa troupe croisent le fer avec Villers-Cotter\u00eats. Audois et Picards se rendent coup pour coup durant les deux premiers sets avant que ces derniers ne c\u00e8dent dans un troisi\u00e8me set d\u2019anthologie.<\/p>\n<p>Sur leur lanc\u00e9e, les Narbonnais dominent l\u2019\u00e9quipe d\u2019Aubagne en demi-finale ! Lors de l\u2019ultime journ\u00e9e, c\u2019est l\u2019heure de la finale contre l\u2019\u00e9quipe de Rouen ! Robin, le jeune coach, relit ses notes pour adapter la strat\u00e9gie de l\u2019\u00e9quipe, tandis que parents et anciens \u00e9l\u00e8ves de Louise-Michel ont fait le d\u00e9placement dans le Tarn pour encourager les leurs. Malheureusement, au terme d\u2019une partie toujours aussi accroch\u00e9e, les Narbonnais sont battus mais reviennent cependant avec un titre historique de vice-champions de France.<\/p>\n<p>Leurs enseignants ne cachent pas leur fiert\u00e9 face \u00e0 ce magnifique parcours et \u00e0 l\u2019\u00e9tat d\u2019esprit incroyable dont ont fait preuve leurs prot\u00e9g\u00e9s.<\/p>\n<p>        <img decoding=\"async\" class=\"std-img__img responsive-img\" src=\"https:\/\/www.europesays.com\/fr\/wp-content\/uploads\/2025\/04\/1744396212_472_image.jpg\" alt=\"Les gar\u00e7ons vice-champions de France UNSS.\"\/><\/p>\n<p>                Les gar\u00e7ons vice-champions de France UNSS.<br \/>\n                                    L&rsquo;Ind\u00e9pendant &#8211; DR<\/p>\n<p>Le titre retourne dans l\u2019Aude pour la deuxi\u00e8me fois en trois ans !<\/p>\n<p>Deux jours plus tard, ce sont les filles qui ont pris le relais \u00e0 Bagn\u00e8res-de-Bigorre pour essayer de faire mieux que leurs camarades. Les premiers matchs sont ma\u00eetris\u00e9s ; les filles sont bien rentr\u00e9es dans la comp\u00e9tition. La phase \u00e9liminatoire s\u2019amorce avec un quart de finale contre Lyon. L\u00e0 encore, la fluidit\u00e9 du jeu des Narbonnaises fait merveille. Elles acc\u00e8dent \u00e0 la demi-finale contre la redoutable formation d\u2019Aix-en-Provence. Les observateurs pr\u00e9sents parlent d\u2019une finale avant l\u2019heure, tant ces deux \u00e9quipes se sont montr\u00e9es dominantes jusque-l\u00e0 !<\/p>\n<p>C\u2019est avant tout une opposition de style, puisque les Aixoises semblent pouvoir s\u2019appuyer sur une incontestable domination physique. Mais c\u2019est sans compter l\u2019incomparable justesse et la grinta des prot\u00e9g\u00e9es du duo Cutillas, qui parviennent \u00e0 s\u2019offrir elles aussi une finale ! Ce sera contre Villers-Cotter\u00eats.<\/p>\n<p>Apr\u00e8s un premier set accroch\u00e9 mais \u00e0 l\u2019avantage des Narbonnaises, les Picardes finiront par c\u00e9der face \u00e0 des joueuses de Louise Michel impeccables en d\u00e9fense et \u00e0 la d\u00e9termination sans faille. Le titre supr\u00eame est acquis : elles sont championnes de France.<\/p>\n<p>Enseignants, personnels et \u00e9l\u00e8ves rest\u00e9s au lyc\u00e9e sont ravis ; les joueuses et leurs familles savourent ; le titre retourne dans l\u2019Aude pour la deuxi\u00e8me fois en trois ans !\u00a0<\/p>\n","protected":false},"excerpt":{"rendered":"Du 25 au 28 mars, puis du 31 mars au 3 avril, les \u00e9quipes de volley gar\u00e7ons et&hellip;\n","protected":false},"author":2,"featured_media":17965,"comment_status":"","ping_status":"","sticky":false,"template":"","format":"standard","meta":{"footnotes":""},"categories":[1417],"tags":[1011,27,60,1470,1469],"class_list":{"0":"post-17964","1":"post","2":"type-post","3":"status-publish","4":"format-standard","5":"has-post-thumbnail","7":"category-volley","8":"tag-fr","9":"tag-france","10":"tag-sports","11":"tag-volley","12":"tag-volleyball"},"share_on_mastodon":{"url":"https:\/\/pubeurope.com\/@fr\/114320757481762968","error":""},"_links":{"self":[{"href":"https:\/\/www.europesays.com\/fr\/wp-json\/wp\/v2\/posts\/17964","targetHints":{"allow":["GET"]}}],"collection":[{"href":"https:\/\/www.europesays.com\/fr\/wp-json\/wp\/v2\/posts"}],"about":[{"href":"https:\/\/www.europesays.com\/fr\/wp-json\/wp\/v2\/types\/post"}],"author":[{"embeddable":true,"href":"https:\/\/www.europesays.com\/fr\/wp-json\/wp\/v2\/users\/2"}],"replies":[{"embeddable":true,"href":"https:\/\/www.europesays.com\/fr\/wp-json\/wp\/v2\/comments?post=17964"}],"version-history":[{"count":0,"href":"https:\/\/www.europesays.com\/fr\/wp-json\/wp\/v2\/posts\/17964\/revisions"}],"wp:featuredmedia":[{"embeddable":true,"href":"https:\/\/www.europesays.com\/fr\/wp-json\/wp\/v2\/media\/17965"}],"wp:attachment":[{"href":"https:\/\/www.europesays.com\/fr\/wp-json\/wp\/v2\/media?parent=17964"}],"wp:term":[{"taxonomy":"category","embeddable":true,"href":"https:\/\/www.europesays.com\/fr\/wp-json\/wp\/v2\/categories?post=17964"},{"taxonomy":"post_tag","embeddable":true,"href":"https:\/\/www.europesays.com\/fr\/wp-json\/wp\/v2\/tags?post=17964"}],"curies":[{"name":"wp","href":"https:\/\/api.w.org\/{rel}","templated":true}]}}