{"id":179640,"date":"2025-06-16T00:59:10","date_gmt":"2025-06-16T00:59:10","guid":{"rendered":"https:\/\/www.europesays.com\/fr\/179640\/"},"modified":"2025-06-16T00:59:10","modified_gmt":"2025-06-16T00:59:10","slug":"visite-et-atelier-jardin-de-papier-a-la-bnf-richelieu-paris-2e","status":"publish","type":"post","link":"https:\/\/www.europesays.com\/fr\/179640\/","title":{"rendered":"Visite et atelier \u00ab\u00a0Jardin de papier\u00a0\u00bb \u00e0 la BNF Richelieu Paris 2e"},"content":{"rendered":"<p><img loading=\"lazy\" decoding=\"async\" class=\"aligncenter size-full wp-image-74549\" src=\"https:\/\/www.europesays.com\/fr\/wp-content\/uploads\/2025\/06\/logo-vectoriel-bnf.jpg\" alt=\"Logo BnF\" width=\"630\" height=\"320\"\/><\/p>\n<p class=\"p1\"><strong>La BnF propose une visite de son jardin nomm\u00e9 \u00ab Hortus papyrifer ou jardin de papier \u00bb, con\u00e7u par Gilles Cl\u00e9ment en 2022 au c\u0153ur de son site historique (<a href=\"https:\/\/www.bnf.fr\/fr\/richelieu\" target=\"_blank\" rel=\"noopener\">Richelieu<\/a>, Paris 2e). Fond\u00e9e sur des essences papyrif\u00e8res, cette cr\u00e9ation paysag\u00e8re s\u2019inscrit pleinement dans l\u2019histoire du lieu. La visite d\u00e9voile les essences qui la composent, les diff\u00e9rents types de papier v\u00e9g\u00e9taux tir\u00e9s de ces essences et, dans les vitrines du mus\u00e9e de la BnF, des documents produits avec ces mat\u00e9riaux.<\/strong><\/p>\n<p>Avec la r\u00e9ouverture du\u00a0site Richelieu, un\u00a0espace vert de 1 900 m\u00b2\u00a0a vu le jour\u00a0dans la <a class=\"link-default\" title=\"Le jardin Vivienne\" href=\"https:\/\/www.bnf.fr\/fr\/le-jardin-vivienne\" data-entity-substitution=\"canonical\" data-entity-type=\"node\" data-entity-uuid=\"0951fa6a-a9fc-4aec-bef7-018a069e4554\" target=\"_blank\" rel=\"noopener\">cour Vivienne<\/a>. Con\u00e7ue au titre du\u00a01% artistique, la cr\u00e9ation paysag\u00e8re\u00a0appel\u00e9e \u00ab\u202fHortus papyrifer ou jardin de papier\u202f\u00bb, fond\u00e9e sur des essences papyrif\u00e8res, s\u2019inscrit pleinement dans l\u2019histoire du\u00a0lieu.<\/p>\n<p class=\"p1\">Apr\u00e8s une d\u00e9ambulation parmi les plantes papyrif\u00e8res du jardin, d\u00e9couvrez des documents produits \u00e0 partir de ces essences v\u00e9g\u00e9tales dans les\u00a0vitrines du mus\u00e9e de la BnF.\u00a0Puis, en salle d\u2019atelier,\u00a0fabriquez en famille votre feuille de papier recycl\u00e9\u00a0et semez-la de graines, de feuilles ou de fleurs\u00a0s\u00e9ch\u00e9es.<\/p>\n<p>Informations pratiques<\/p>\n<p class=\"p1\">En famille avec enfants de 6 \u00e0 10 ans<\/p>\n","protected":false},"excerpt":{"rendered":"La BnF propose une visite de son jardin nomm\u00e9 \u00ab Hortus papyrifer ou jardin de papier \u00bb, con\u00e7u&hellip;\n","protected":false},"author":2,"featured_media":179641,"comment_status":"","ping_status":"","sticky":false,"template":"","format":"standard","meta":{"footnotes":""},"categories":[1888],"tags":[11,4396,15641,31651,1777,674,2087,1011,27,31652,31653,12,626,31654,31655,25,510],"class_list":{"0":"post-179640","1":"post","2":"type-post","3":"status-publish","4":"format-standard","5":"has-post-thumbnail","7":"category-paris","8":"tag-actualites","9":"tag-atelier","10":"tag-bnf","11":"tag-essences-papyriferes","12":"tag-eu","13":"tag-europe","14":"tag-evenement","15":"tag-fr","16":"tag-france","17":"tag-gilles-clement","18":"tag-jardin-de-papier","19":"tag-news","20":"tag-paris","21":"tag-paris-2e","22":"tag-paris-2eme","23":"tag-republique-francaise","24":"tag-visite"},"share_on_mastodon":{"url":"https:\/\/pubeurope.com\/@fr\/114690337291298621","error":""},"_links":{"self":[{"href":"https:\/\/www.europesays.com\/fr\/wp-json\/wp\/v2\/posts\/179640","targetHints":{"allow":["GET"]}}],"collection":[{"href":"https:\/\/www.europesays.com\/fr\/wp-json\/wp\/v2\/posts"}],"about":[{"href":"https:\/\/www.europesays.com\/fr\/wp-json\/wp\/v2\/types\/post"}],"author":[{"embeddable":true,"href":"https:\/\/www.europesays.com\/fr\/wp-json\/wp\/v2\/users\/2"}],"replies":[{"embeddable":true,"href":"https:\/\/www.europesays.com\/fr\/wp-json\/wp\/v2\/comments?post=179640"}],"version-history":[{"count":0,"href":"https:\/\/www.europesays.com\/fr\/wp-json\/wp\/v2\/posts\/179640\/revisions"}],"wp:featuredmedia":[{"embeddable":true,"href":"https:\/\/www.europesays.com\/fr\/wp-json\/wp\/v2\/media\/179641"}],"wp:attachment":[{"href":"https:\/\/www.europesays.com\/fr\/wp-json\/wp\/v2\/media?parent=179640"}],"wp:term":[{"taxonomy":"category","embeddable":true,"href":"https:\/\/www.europesays.com\/fr\/wp-json\/wp\/v2\/categories?post=179640"},{"taxonomy":"post_tag","embeddable":true,"href":"https:\/\/www.europesays.com\/fr\/wp-json\/wp\/v2\/tags?post=179640"}],"curies":[{"name":"wp","href":"https:\/\/api.w.org\/{rel}","templated":true}]}}