{"id":179642,"date":"2025-06-16T01:00:16","date_gmt":"2025-06-16T01:00:16","guid":{"rendered":"https:\/\/www.europesays.com\/fr\/179642\/"},"modified":"2025-06-16T01:00:16","modified_gmt":"2025-06-16T01:00:16","slug":"resume-video-psg-atletico-madrid-4-0-paris-degoute-les-colchoneros","status":"publish","type":"post","link":"https:\/\/www.europesays.com\/fr\/179642\/","title":{"rendered":"R\u00e9sum\u00e9 vid\u00e9o PSG\/Atl\u00e9tico Madrid (4-0), Paris d\u00e9goute les Colchoneros"},"content":{"rendered":"<p><b>Retrouvez ci-dessous le r\u00e9sum\u00e9 vid\u00e9o de PSG\/Atl\u00e9tico Madrid<strong>\u00a0<\/strong>avec les buts de Fabian Ruiz, Vitinha, Mayulu Lee Keng-in<\/b><b>. Le Paris Saint-Germain, apr\u00e8s un match globalement ma\u00eetris\u00e9 m\u00eame s\u2019il a manqu\u00e9 un peu de rythme sous une terrible chaleur, s\u2019est impos\u00e9 2-0 au <strong>Rose Bowl Stadium<\/strong> face aux Espagnols dans le cadre <strong>de la 1ere journ\u00e9e de la phase de groupes de la Coupe du Monde des Clubs 2025<\/strong>.\u00a0<\/b><\/p>\n<p>Les buts en vid\u00e9o et le r\u00e9sum\u00e9 de PSG\/Atl\u00e9tico Madrid<\/p>\n<p>Revivez les meilleurs moments et les buts de ce PSG\/Atl\u00e9tico Madrid<strong><b>\u00a0<\/b>(Ruiz 19e, Vitinha 45e, Senny Mayulu 87e et Lee Kang-In 90e +7 (P))<\/strong> dans ce r\u00e9sum\u00e9 vid\u00e9o :<\/p>\n<p>\t\t\t\t\t\t\t\t\t\t\t\t\t\t\t\t\t\t\t\t\t\t\t<img loading=\"lazy\" src=\"https:\/\/www.europesays.com\/fr\/wp-content\/uploads\/2025\/04\/ParisFans_Logo.png\" decoding=\"async\" class=\"lazyload\" width=\"240\" height=\"54\" data-eio-rwidth=\"240\" data-eio-rheight=\"54\"\/><\/p>\n","protected":false},"excerpt":{"rendered":"Retrouvez ci-dessous le r\u00e9sum\u00e9 vid\u00e9o de PSG\/Atl\u00e9tico Madrid\u00a0avec les buts de Fabian Ruiz, Vitinha, Mayulu Lee Keng-in. Le&hellip;\n","protected":false},"author":2,"featured_media":179643,"comment_status":"","ping_status":"","sticky":false,"template":"","format":"standard","meta":{"footnotes":""},"categories":[1888],"tags":[11,1777,674,1011,27,31656,12,626,30465,25,9338,31657,96],"class_list":{"0":"post-179642","1":"post","2":"type-post","3":"status-publish","4":"format-standard","5":"has-post-thumbnail","7":"category-paris","8":"tag-actualites","9":"tag-eu","10":"tag-europe","11":"tag-fr","12":"tag-france","13":"tag-highlights","14":"tag-news","15":"tag-paris","16":"tag-psg-atletico-madrid","17":"tag-republique-francaise","18":"tag-resume","19":"tag-resume-video","20":"tag-une"},"share_on_mastodon":{"url":"https:\/\/pubeurope.com\/@fr\/114690341212778480","error":""},"_links":{"self":[{"href":"https:\/\/www.europesays.com\/fr\/wp-json\/wp\/v2\/posts\/179642","targetHints":{"allow":["GET"]}}],"collection":[{"href":"https:\/\/www.europesays.com\/fr\/wp-json\/wp\/v2\/posts"}],"about":[{"href":"https:\/\/www.europesays.com\/fr\/wp-json\/wp\/v2\/types\/post"}],"author":[{"embeddable":true,"href":"https:\/\/www.europesays.com\/fr\/wp-json\/wp\/v2\/users\/2"}],"replies":[{"embeddable":true,"href":"https:\/\/www.europesays.com\/fr\/wp-json\/wp\/v2\/comments?post=179642"}],"version-history":[{"count":0,"href":"https:\/\/www.europesays.com\/fr\/wp-json\/wp\/v2\/posts\/179642\/revisions"}],"wp:featuredmedia":[{"embeddable":true,"href":"https:\/\/www.europesays.com\/fr\/wp-json\/wp\/v2\/media\/179643"}],"wp:attachment":[{"href":"https:\/\/www.europesays.com\/fr\/wp-json\/wp\/v2\/media?parent=179642"}],"wp:term":[{"taxonomy":"category","embeddable":true,"href":"https:\/\/www.europesays.com\/fr\/wp-json\/wp\/v2\/categories?post=179642"},{"taxonomy":"post_tag","embeddable":true,"href":"https:\/\/www.europesays.com\/fr\/wp-json\/wp\/v2\/tags?post=179642"}],"curies":[{"name":"wp","href":"https:\/\/api.w.org\/{rel}","templated":true}]}}